{"id":3464,"date":"2013-09-23T07:42:23","date_gmt":"2013-09-23T10:42:23","guid":{"rendered":"http:\/\/www.maisbn.com\/portal\/?p=3464"},"modified":"2013-09-23T07:46:03","modified_gmt":"2013-09-23T10:46:03","slug":"duplicacao-da-br-101-comeca-em-2014","status":"publish","type":"post","link":"https:\/\/www.maisbn.com\/portal\/2013\/09\/duplicacao-da-br-101-comeca-em-2014\/","title":{"rendered":"Duplica\u00e7\u00e3o da BR-101 come\u00e7a em 2014"},"content":{"rendered":"<p>A licita\u00e7\u00e3o para a duplica\u00e7\u00e3o da BR 101 na Bahia deve sair ainda este ano e as obras est\u00e3o previstas para come\u00e7ar em 2014. A afirma\u00e7\u00e3o foi feita pelo governador Jaques Wagner, em Itabuna, onde esteve para a solenidade de funda\u00e7\u00e3o da Universidade Federal do Sul da Bahia (UFSB). \u201cO compromisso \u00e9 que a licita\u00e7\u00e3o esteja pronta at\u00e9 dezembro de 2013\u201d, disse.<\/p>\n<p><a href=\"http:\/\/www.maisbn.com\/portal\/wp-content\/uploads\/2013\/09\/Br367-duplicacao.jpg\"><img loading=\"lazy\" decoding=\"async\" class=\"size-full wp-image-3465 aligncenter\" alt=\"Br367-duplicacao\" src=\"http:\/\/www.maisbn.com\/portal\/wp-content\/uploads\/2013\/09\/Br367-duplicacao.jpg\" width=\"600\" height=\"214\" \/><\/a><\/p>\n<p>O governador informou ainda que as etapas para o in\u00edcio da duplica\u00e7\u00e3o est\u00e3o bem adiantadas. \u201cEstamos ultimando as licen\u00e7as ambientais e as equipes do Dnit j\u00e1 est\u00e3o fazendo as medi\u00e7\u00f5es. A obra come\u00e7a no ano que vem e em 2015 j\u00e1 deve estar duplicado um trecho da estrada\u201d, afirmou. No total, ser\u00e3o duplicados 772 quil\u00f4metros da BR 101 na Bahia &#8211; da rodovia de acesso a Mucuri, no Extremo Sul, at\u00e9 o entroncamento de Feira de Santana.<\/p>\n<p>&nbsp;<\/p>\n<p>Fonte: Itapebiacontece \/ opovonews<\/p>\n","protected":false},"excerpt":{"rendered":"<p>A licita\u00e7\u00e3o para a duplica\u00e7\u00e3o da BR 101 na Bahia deve sair ainda este ano e as obras est\u00e3o previstas para come\u00e7ar em 2014. A afirma\u00e7\u00e3o foi feita pelo governador Jaques Wagner, em Itabuna, onde esteve para a solenidade de funda\u00e7\u00e3o da Universidade Federal do Sul da Bahia (UFSB). \u201cO compromisso \u00e9 que a licita\u00e7\u00e3o [&hellip;]<\/p>\n","protected":false},"author":1,"featured_media":0,"comment_status":"closed","ping_status":"open","sticky":false,"template":"","format":"standard","meta":{"footnotes":""},"categories":[45,1],"tags":[412,413],"class_list":["post-3464","post","type-post","status-publish","format-standard","hentry","category-cidades","category-noticias","tag-br-101","tag-duplicacao"],"_links":{"self":[{"href":"https:\/\/www.maisbn.com\/portal\/wp-json\/wp\/v2\/posts\/3464","targetHints":{"allow":["GET"]}}],"collection":[{"href":"https:\/\/www.maisbn.com\/portal\/wp-json\/wp\/v2\/posts"}],"about":[{"href":"https:\/\/www.maisbn.com\/portal\/wp-json\/wp\/v2\/types\/post"}],"author":[{"embeddable":true,"href":"https:\/\/www.maisbn.com\/portal\/wp-json\/wp\/v2\/users\/1"}],"replies":[{"embeddable":true,"href":"https:\/\/www.maisbn.com\/portal\/wp-json\/wp\/v2\/comments?post=3464"}],"version-history":[{"count":0,"href":"https:\/\/www.maisbn.com\/portal\/wp-json\/wp\/v2\/posts\/3464\/revisions"}],"wp:attachment":[{"href":"https:\/\/www.maisbn.com\/portal\/wp-json\/wp\/v2\/media?parent=3464"}],"wp:term":[{"taxonomy":"category","embeddable":true,"href":"https:\/\/www.maisbn.com\/portal\/wp-json\/wp\/v2\/categories?post=3464"},{"taxonomy":"post_tag","embeddable":true,"href":"https:\/\/www.maisbn.com\/portal\/wp-json\/wp\/v2\/tags?post=3464"}],"curies":[{"name":"wp","href":"https:\/\/api.w.org\/{rel}","templated":true}]}}