{"id":3461,"date":"2013-09-17T19:00:27","date_gmt":"2013-09-17T22:00:27","guid":{"rendered":"http:\/\/www.maisbn.com\/portal\/?p=3461"},"modified":"2013-09-17T20:05:26","modified_gmt":"2013-09-17T23:05:26","slug":"filarmonica-xv-de-setembro-completa-118-anos-de-historia","status":"publish","type":"post","link":"https:\/\/www.maisbn.com\/portal\/2013\/09\/filarmonica-xv-de-setembro-completa-118-anos-de-historia\/","title":{"rendered":"Filarm\u00f4nica XV de Setembro completa 118 anos de hist\u00f3ria."},"content":{"rendered":"<p><img decoding=\"async\" alt=\"\" src=\"http:\/\/www.jornaldebelmonte.com\/portal\/thumbs.php?w=200&amp;imagem=images\/noticias\/636\/Digitalizar0003.jpg\" align=\"left\" \/><\/p>\n<div>Com direito a bolo, parab\u00e9ns e muita m\u00fasica a Filarm\u00f4nica 15 de Setembro comemorou mais um ano de exist\u00eancia em sua sede no centro de Belmonte, bahia. Conhe\u00e7a abaixo um pouco da sua hist\u00f3ria.<\/div>\n<div><\/div>\n<div>\n<p>A historia da Filarm\u00f4nica 15 de Setembro<\/p>\n<p>&nbsp;<\/p>\n<p>As Filarm\u00f4nicas eram um grande destaque no final do s\u00e9culo XIX e nas primeiras d\u00e9cadas do s\u00e9culo XX. No extremo sul baiano essas bandas eram s\u00edmbolos de poderio dos coron\u00e9is do cacau que mantinham a banda e realizavam grandes duelos musicais que algumas vezes terminava em guerra armada.<br \/>\nBelmonte era uma cidade privilegiada nessa \u00e9poca e contava com duas filarm\u00f4nicas que atravessaram o tempo levando a cultura musical e mudando a vida de muitos jovens que passam por suas partituras e ganham o mundo como grandes m\u00fasicos instrumentistas. Os duelos musicais tamb\u00e9m n\u00e3o deixaram de existir, a \u00fanica mudan\u00e7a \u00e9 que os debates n\u00e3o terminam mais em guerra como antigamente. Hoje os duelos s\u00e3o para alegrar e impressionar os moradores e turistas com a musicalidade e a cultura que permanece viva em Belmonte.<\/p>\n<div id=\"attachment_468\" style=\"width: 650px\" class=\"wp-caption alignright\"><a href=\"http:\/\/www.maisbn.com\/portal\/wp-content\/uploads\/2012\/07\/Filarm\u00f4nica-XV-de-Setembro.jpg\"><img loading=\"lazy\" decoding=\"async\" aria-describedby=\"caption-attachment-468\" class=\"size-full wp-image-468\" alt=\"Filarm\u00f4nica XV de Setembro\" src=\"http:\/\/www.maisbn.com\/portal\/wp-content\/uploads\/2012\/07\/Filarm\u00f4nica-XV-de-Setembro.jpg\" width=\"640\" height=\"480\" srcset=\"https:\/\/www.maisbn.com\/portal\/wp-content\/uploads\/2012\/07\/Filarm\u00f4nica-XV-de-Setembro.jpg 640w, https:\/\/www.maisbn.com\/portal\/wp-content\/uploads\/2012\/07\/Filarm\u00f4nica-XV-de-Setembro-466x350.jpg 466w\" sizes=\"auto, (max-width: 640px) 100vw, 640px\" \/><\/a><p id=\"caption-attachment-468\" class=\"wp-caption-text\">XV de Setembro<\/p><\/div>\n<p>A hist\u00f3ria da Sociedade Filarm\u00f4nica 15 de Setembro come\u00e7ou em 1895 quando um grupo de coron\u00e9is liderado pelo coronel Pedro Ventura de Amorim. O grupo decidiu que a rec\u00e9m emancipada cidade necessitava urgente de uma filarm\u00f4nica e assim nasceu no dia 15 de setembro do citado ano a Sociedade Filarm\u00f4nica 15 de Setembro. A filamonica come\u00e7ou a alegrar as festas religiosas e culturais da cidade.<br \/>\nUm acontecimento humanit\u00e1rio marcou a hist\u00f3ria da Filarm\u00f4nica. Em 1910 a sede da 15 de Setembro foi doada como abrigo aos acometidos de uma grande epidemia de var\u00edola que assolou a cidade. Por causa disso o pr\u00e9dio ficou interditado por alguns anos. Em considera\u00e7\u00e3o ao ato generoso, o governo municipal isentou-a de impostos atrav\u00e9s da lei n\u00ba 92, de 18 de dezembro de 1911.<br \/>\nEm 1914 a Filarm\u00f4nica sofreu uma grande perda onde uma grande enchente destruiu a sua sede que ficava situada ao lado da Igreja de Nossa Senhora do Carmo. A nova sede foi constru\u00edda na Pra\u00e7a Manoel Seabra Velloso, onde fica localizada atualmente.<br \/>\nEm 16 de julho de 1948 aconteceu o grande duelo que entrou para a hist\u00f3ria belmontense, entre a Sociedade Filarm\u00f4nica 15 de Setembro e Sociedade Filarm\u00f4nica Lira Popular. Naquele dia come\u00e7ava mais um espet\u00e1culo ap\u00f3s a tradicional novena da padroeira da cidade que terminou depois da ben\u00e7\u00e3o do Sant\u00edssimo Sacramento, por D. Eduardo, bispo da diocese de Ilh\u00e9us. Cada filarm\u00f4nica procurava apresentar o melhor de seu repert\u00f3rio, uma ap\u00f3s outra. A cada apresenta\u00e7\u00e3o eram arrancados aplausos da popula\u00e7\u00e3o ali presente. A disputa continuou at\u00e9 o outro dia e \u00e0s 05:00H da manh\u00e3 quando o bispo foi celebrar a missa as filarm\u00f4nicas ainda estavam se enfrentando, nem os apelos do bispo conseguiram parar as apresenta\u00e7\u00f5es. Somente ao meio dia foi que os presidentes das respectivas agremia\u00e7\u00f5es subiram nos coretos e desceram com os seus maestros, encerrando o duelo musical. Musical porque foi encerrado a tempo.<br \/>\nAlgumas testemunhas, ainda vivas, dizem que a Filarm\u00f4nica Lira Popular a partir das 05:00H come\u00e7ou a repetir os seus dobrados. Tornando assim a Sociedade Filarm\u00f4nica 15 de Setembro vitoriosa nesse duelo hist\u00f3rico.<br \/>\nAo longo de sua exist\u00eancia grandes maestros e m\u00fasicos passaram pela Filarmonica como: Ov\u00eddio Santa F\u00e9, Bacelar e Jo\u00e3o de Lil\u00e1. Este \u00faltimo \u00e9 lembrado at\u00e9 hoje atrav\u00e9s da sua grande obra que \u00e9 o Hino de Belmonte.<br \/>\nHoje com\u00a0<strong>118 anos<\/strong>\u00a0de exist\u00eancia e com uma grande batalha que \u00e9 enfrentada para continuar levando a cultura e a hist\u00f3ria musical belmontense. A filarm\u00f4nica se orgulha de ter encaminhado diversos m\u00fasicos para filarm\u00f4nicas militares em todo pa\u00eds. A sua forma\u00e7\u00e3o atual, que cont\u00e9m jovens em sua maioria, continua a alegrar as pessoas que admiram a boa m\u00fasica.<br \/>\n\u00c9 preciso lutar para que essa entidade que carrega a cultura e a hist\u00f3ria belmontense n\u00e3o se perca no tempo. Precisamos que nossos representantes olhem um pouco mais para nossas filarm\u00f4nicas e entendam que elas s\u00e3o fundamentais para identidade do povo belmonte.<\/p>\n<p>&nbsp;<\/p>\n<\/div>\n<div><a href=\"http:\/\/www.youtube.com\/watch?v=HloMgYKoV9U&amp;feature=youtu.be\"><strong>VEJA AQUI O HINO DE BELMONTE<\/strong><\/a><\/div>\n<div><\/div>\n<div><\/div>\n","protected":false},"excerpt":{"rendered":"<p>Com direito a bolo, parab\u00e9ns e muita m\u00fasica a Filarm\u00f4nica 15 de Setembro comemorou mais um ano de exist\u00eancia em sua sede no centro de Belmonte, bahia. Conhe\u00e7a abaixo um pouco da sua hist\u00f3ria. A historia da Filarm\u00f4nica 15 de Setembro &nbsp; As Filarm\u00f4nicas eram um grande destaque no final do s\u00e9culo XIX e nas [&hellip;]<\/p>\n","protected":false},"author":1,"featured_media":0,"comment_status":"closed","ping_status":"open","sticky":false,"template":"","format":"standard","meta":{"footnotes":""},"categories":[45,1],"tags":[103,133],"class_list":["post-3461","post","type-post","status-publish","format-standard","hentry","category-cidades","category-noticias","tag-filarmonica-xv-de-setembro","tag-xv-de-setembro-2"],"_links":{"self":[{"href":"https:\/\/www.maisbn.com\/portal\/wp-json\/wp\/v2\/posts\/3461","targetHints":{"allow":["GET"]}}],"collection":[{"href":"https:\/\/www.maisbn.com\/portal\/wp-json\/wp\/v2\/posts"}],"about":[{"href":"https:\/\/www.maisbn.com\/portal\/wp-json\/wp\/v2\/types\/post"}],"author":[{"embeddable":true,"href":"https:\/\/www.maisbn.com\/portal\/wp-json\/wp\/v2\/users\/1"}],"replies":[{"embeddable":true,"href":"https:\/\/www.maisbn.com\/portal\/wp-json\/wp\/v2\/comments?post=3461"}],"version-history":[{"count":0,"href":"https:\/\/www.maisbn.com\/portal\/wp-json\/wp\/v2\/posts\/3461\/revisions"}],"wp:attachment":[{"href":"https:\/\/www.maisbn.com\/portal\/wp-json\/wp\/v2\/media?parent=3461"}],"wp:term":[{"taxonomy":"category","embeddable":true,"href":"https:\/\/www.maisbn.com\/portal\/wp-json\/wp\/v2\/categories?post=3461"},{"taxonomy":"post_tag","embeddable":true,"href":"https:\/\/www.maisbn.com\/portal\/wp-json\/wp\/v2\/tags?post=3461"}],"curies":[{"name":"wp","href":"https:\/\/api.w.org\/{rel}","templated":true}]}}