{"id":3444,"date":"2013-09-15T14:16:27","date_gmt":"2013-09-15T17:16:27","guid":{"rendered":"http:\/\/www.maisbn.com\/portal\/?p=3444"},"modified":"2013-09-15T14:57:44","modified_gmt":"2013-09-15T17:57:44","slug":"delegada-de-belmonte-agora-comandara-a-delegacia-de-cabralia","status":"publish","type":"post","link":"https:\/\/www.maisbn.com\/portal\/2013\/09\/delegada-de-belmonte-agora-comandara-a-delegacia-de-cabralia\/","title":{"rendered":"Delegada de Belmonte agora comandar\u00e1 a delegacia de Cabr\u00e1lia."},"content":{"rendered":"<p>&nbsp;<\/p>\n<p>&nbsp;<\/p>\n<p>&nbsp;<\/p>\n<p><a href=\"http:\/\/www.maisbn.com\/portal\/wp-content\/uploads\/2013\/09\/delegacia.jpg\"><img loading=\"lazy\" decoding=\"async\" class=\"alignleft size-full wp-image-3445\" alt=\"delegacia\" src=\"http:\/\/www.maisbn.com\/portal\/wp-content\/uploads\/2013\/09\/delegacia.jpg\" width=\"300\" height=\"225\" \/><\/a>As delegacias da Pol\u00edcia Civil na micorregi\u00e3o t\u00eam novos titulares. O coordenador da 23\u00aa Coorpin, delegado \u00c9lvio Brand\u00e3o, anunciou as mudan\u00e7as &#8211; que j\u00e1 tinham sido publicadas no Di\u00e1rio Oficial da Bahia no m\u00eas passado, em entrevista coletiva na manh\u00e3 de sexta-feira (13), na cidade de Eun\u00e1polis.<\/p>\n<p>Em Porto Seguro, a 1\u00aa Delegacia Territorial passa a ter o delegado Delmar Bittencourt como titular. Ele veio de Senhor do Bonfim e ser\u00e1 auxiliado por Rob\u00e9rio Farias, que era plantonista em Eun\u00e1polis.<\/p>\n<p>Ainda em Porto Seguro, a 2\u00aa Delegacia Territorial, que cobre os distritos de Arraial d&#8217;Ajuda e Trancoso ter\u00e1 como titular a delegada Val\u00e9ria Fonseca Chaves, que veio do munic\u00edpio de Coaraci. Ela substitui Rafael Zanini, agora plantonista em Porto Seguro.<\/p>\n<p>A delegacia de Santa Cruz Cabr\u00e1lia vai ser ocupada por Teronite Bezerra, transferida de Belmonte.<\/p>\n<p>J\u00e1 em Eun\u00e1polis, o delegado Rodolfo Faro deixa o plant\u00e3o e vai para a chefia da Delegacia Especial de Furtos e Roubos, em lugar de C\u00edcero Daniel Feitosa, nomeado para titular da Delegacia Territorial. Eridelson Bastos, que ocupava a fun\u00e7\u00e3o, agora \u00e9 plantonista.<\/p>\n","protected":false},"excerpt":{"rendered":"<p>&nbsp; &nbsp; &nbsp; As delegacias da Pol\u00edcia Civil na micorregi\u00e3o t\u00eam novos titulares. O coordenador da 23\u00aa Coorpin, delegado \u00c9lvio Brand\u00e3o, anunciou as mudan\u00e7as &#8211; que j\u00e1 tinham sido publicadas no Di\u00e1rio Oficial da Bahia no m\u00eas passado, em entrevista coletiva na manh\u00e3 de sexta-feira (13), na cidade de Eun\u00e1polis. Em Porto Seguro, a 1\u00aa [&hellip;]<\/p>\n","protected":false},"author":7,"featured_media":0,"comment_status":"closed","ping_status":"open","sticky":false,"template":"","format":"standard","meta":{"footnotes":""},"categories":[45,1],"tags":[44,410],"class_list":["post-3444","post","type-post","status-publish","format-standard","hentry","category-cidades","category-noticias","tag-belmonte-ba","tag-delegacia-belmonte"],"_links":{"self":[{"href":"https:\/\/www.maisbn.com\/portal\/wp-json\/wp\/v2\/posts\/3444","targetHints":{"allow":["GET"]}}],"collection":[{"href":"https:\/\/www.maisbn.com\/portal\/wp-json\/wp\/v2\/posts"}],"about":[{"href":"https:\/\/www.maisbn.com\/portal\/wp-json\/wp\/v2\/types\/post"}],"author":[{"embeddable":true,"href":"https:\/\/www.maisbn.com\/portal\/wp-json\/wp\/v2\/users\/7"}],"replies":[{"embeddable":true,"href":"https:\/\/www.maisbn.com\/portal\/wp-json\/wp\/v2\/comments?post=3444"}],"version-history":[{"count":0,"href":"https:\/\/www.maisbn.com\/portal\/wp-json\/wp\/v2\/posts\/3444\/revisions"}],"wp:attachment":[{"href":"https:\/\/www.maisbn.com\/portal\/wp-json\/wp\/v2\/media?parent=3444"}],"wp:term":[{"taxonomy":"category","embeddable":true,"href":"https:\/\/www.maisbn.com\/portal\/wp-json\/wp\/v2\/categories?post=3444"},{"taxonomy":"post_tag","embeddable":true,"href":"https:\/\/www.maisbn.com\/portal\/wp-json\/wp\/v2\/tags?post=3444"}],"curies":[{"name":"wp","href":"https:\/\/api.w.org\/{rel}","templated":true}]}}