{"id":3425,"date":"2013-09-09T23:21:08","date_gmt":"2013-09-10T02:21:08","guid":{"rendered":"http:\/\/www.maisbn.com\/portal\/?p=3425"},"modified":"2013-09-09T23:24:18","modified_gmt":"2013-09-10T02:24:18","slug":"chuva-atrapalha-mas-nao-tira-brilho-da-comemoracao-em-belmonte","status":"publish","type":"post","link":"https:\/\/www.maisbn.com\/portal\/2013\/09\/chuva-atrapalha-mas-nao-tira-brilho-da-comemoracao-em-belmonte\/","title":{"rendered":"Chuva atrapalha mas n\u00e3o tira brilho da comemora\u00e7\u00e3o em Belmonte."},"content":{"rendered":"<p>7 de setembro, dia da independ\u00eancia do Brasil \u00e9 comemorado todos os anos em todo o Pa\u00eds com desfiles c\u00edvicos e diversas apresenta\u00e7\u00f5es.<\/p>\n<p>Em Belmonte a chuva impediu que os alunos das escolas p\u00fablicas sa\u00edssem pelas ruas, somente as duas bandas de Fanfarra da cidade e a Banda Filarm\u00f4nica Lyra Popular se apresentaram.<\/p>\n<p><a href=\"http:\/\/www.maisbn.com\/portal\/wp-content\/uploads\/2013\/09\/7setembro2013_Belmonte.jpg\"><img loading=\"lazy\" decoding=\"async\" class=\"alignright  wp-image-3427\" alt=\"7setembro2013_Belmonte\" src=\"http:\/\/www.maisbn.com\/portal\/wp-content\/uploads\/2013\/09\/7setembro2013_Belmonte.jpg\" width=\"455\" height=\"288\" srcset=\"https:\/\/www.maisbn.com\/portal\/wp-content\/uploads\/2013\/09\/7setembro2013_Belmonte.jpg 650w, https:\/\/www.maisbn.com\/portal\/wp-content\/uploads\/2013\/09\/7setembro2013_Belmonte-552x350.jpg 552w\" sizes=\"auto, (max-width: 455px) 100vw, 455px\" \/><\/a>V\u00e1rias autoridades dentre elas o Vereador Aelson (Calango), Idinho, Daco, Lilico, Tiufim al\u00e9m de representantes da Loja Ma\u00e7\u00f4nica acompanharam a Prefeita da cidade Alice Maria durante o hasteamento das Bandeiras que aconteceu em frente a sede da Prefeitura Municipal sob o interpreta\u00e7\u00e3o do Hino Nacional Brasileiro pela Filarm\u00f4nica Lyra Popular.<\/p>\n<p>Ap\u00f3s a execu\u00e7\u00e3o do Hino Nacional e o hasteamento das Bandeiras, a Lyra Popular ainda executou alguns dobrados e aplaudida se recolheu a sua sede dando espa\u00e7o para que as bandas marciais FANFUND e FAMMUP fizessem suas apresenta\u00e7\u00f5es, que como sempre s\u00e3o um verdadeiro espet\u00e1culo de ritmo e dan\u00e7a.<\/p>\n<p>Mesmo sob muita chuva v\u00e1rias pessoas foram \u00e0s ruas para acompanhar o evento que n\u00e3o foi do tamanho que se esperava, mas n\u00e3o perdeu seu brilho.<\/p>\n<p>&nbsp;<\/p>\n<p>&nbsp;<\/p>\n<p>&nbsp;<\/p>\n<p><a href=\"http:\/\/www.maisbn.com\/galerias\/253\" target=\"_blank\"><img loading=\"lazy\" decoding=\"async\" style=\"border: 0px none;\" alt=\"\" src=\"http:\/\/www.belmontenews.com\/imagensFCK\/image\/galeria_fotos.gif\" width=\"200\" height=\"169\" border=\"0\" \/><\/a><\/p>\n","protected":false},"excerpt":{"rendered":"<p>7 de setembro, dia da independ\u00eancia do Brasil \u00e9 comemorado todos os anos em todo o Pa\u00eds com desfiles c\u00edvicos e diversas apresenta\u00e7\u00f5es. Em Belmonte a chuva impediu que os alunos das escolas p\u00fablicas sa\u00edssem pelas ruas, somente as duas bandas de Fanfarra da cidade e a Banda Filarm\u00f4nica Lyra Popular se apresentaram. V\u00e1rias autoridades [&hellip;]<\/p>\n","protected":false},"author":1,"featured_media":0,"comment_status":"closed","ping_status":"open","sticky":false,"template":"","format":"standard","meta":{"footnotes":""},"categories":[45,1],"tags":[408,407],"class_list":["post-3425","post","type-post","status-publish","format-standard","hentry","category-cidades","category-noticias","tag-7-de-setembro","tag-desfile-civico"],"_links":{"self":[{"href":"https:\/\/www.maisbn.com\/portal\/wp-json\/wp\/v2\/posts\/3425","targetHints":{"allow":["GET"]}}],"collection":[{"href":"https:\/\/www.maisbn.com\/portal\/wp-json\/wp\/v2\/posts"}],"about":[{"href":"https:\/\/www.maisbn.com\/portal\/wp-json\/wp\/v2\/types\/post"}],"author":[{"embeddable":true,"href":"https:\/\/www.maisbn.com\/portal\/wp-json\/wp\/v2\/users\/1"}],"replies":[{"embeddable":true,"href":"https:\/\/www.maisbn.com\/portal\/wp-json\/wp\/v2\/comments?post=3425"}],"version-history":[{"count":0,"href":"https:\/\/www.maisbn.com\/portal\/wp-json\/wp\/v2\/posts\/3425\/revisions"}],"wp:attachment":[{"href":"https:\/\/www.maisbn.com\/portal\/wp-json\/wp\/v2\/media?parent=3425"}],"wp:term":[{"taxonomy":"category","embeddable":true,"href":"https:\/\/www.maisbn.com\/portal\/wp-json\/wp\/v2\/categories?post=3425"},{"taxonomy":"post_tag","embeddable":true,"href":"https:\/\/www.maisbn.com\/portal\/wp-json\/wp\/v2\/tags?post=3425"}],"curies":[{"name":"wp","href":"https:\/\/api.w.org\/{rel}","templated":true}]}}