{"id":3417,"date":"2013-09-03T21:56:26","date_gmt":"2013-09-04T00:56:26","guid":{"rendered":"http:\/\/www.maisbn.com\/portal\/?p=3417"},"modified":"2013-09-03T21:56:26","modified_gmt":"2013-09-04T00:56:26","slug":"santa-cruz-cabralia-em-busca-de-uma-marina-para-o-municipio","status":"publish","type":"post","link":"https:\/\/www.maisbn.com\/portal\/2013\/09\/santa-cruz-cabralia-em-busca-de-uma-marina-para-o-municipio\/","title":{"rendered":"Santa Cruz Cabr\u00e1lia em busca de uma Marina para o munic\u00edpio."},"content":{"rendered":"<div>\u00a0O secretario estadual do meio ambiente, Dr. Eug\u00eanio Spengler, recebeu em seu gabinete, o deputado J\u00e2nio Natal, o vice prefeito de Cabralia, Alexandre Carvalho e o presidente da c\u00e2mara do munic\u00edpio, Luciano Monteiro.<\/div>\n<div><\/div>\n<div><a href=\"http:\/\/www.maisbn.com\/portal\/wp-content\/uploads\/2013\/09\/Janio_luciano_001.jpg\"><img loading=\"lazy\" decoding=\"async\" class=\"alignright  wp-image-3419\" alt=\"Janio_luciano_001\" src=\"http:\/\/www.maisbn.com\/portal\/wp-content\/uploads\/2013\/09\/Janio_luciano_001.jpg\" width=\"456\" height=\"288\" srcset=\"https:\/\/www.maisbn.com\/portal\/wp-content\/uploads\/2013\/09\/Janio_luciano_001.jpg 652w, https:\/\/www.maisbn.com\/portal\/wp-content\/uploads\/2013\/09\/Janio_luciano_001-553x350.jpg 553w, https:\/\/www.maisbn.com\/portal\/wp-content\/uploads\/2013\/09\/Janio_luciano_001-500x315.jpg 500w\" sizes=\"auto, (max-width: 456px) 100vw, 456px\" \/><\/a>Na oportunidade, solicitaram o apoio para que a secretaria colocasse seus t\u00e9cnicos \u00e0 disposi\u00e7\u00e3o do munic\u00edpio, no sentido de ajud\u00e1-los \u00e0 elabora\u00e7\u00e3o de um projeto para constru\u00e7\u00e3o de uma Marina em Cabr\u00e1lia.<\/div>\n<div><\/div>\n<div>Na opini\u00e3o de J\u00e2nio, Alexandre e Luciano, este equipamento \u00e9 de grande import\u00e2ncia para a qualifica\u00e7\u00e3o e crescimento do turismo local e, tamb\u00e9m, para a regi\u00e3o.<\/div>\n<div><\/div>\n<div>O secret\u00e1rio mostrou-se receptivo \u00e0 ideia e se comprometeu em ajudar no que for poss\u00edvel. Estiveram, tamb\u00e9m, presentes \u00e0 reuni\u00e3o, Dra. Marcia Cristina, diretora geral do Inema e Dr. Adolpho Neto, Chefe de gabinete.<\/div>\n","protected":false},"excerpt":{"rendered":"<p>\u00a0O secretario estadual do meio ambiente, Dr. Eug\u00eanio Spengler, recebeu em seu gabinete, o deputado J\u00e2nio Natal, o vice prefeito de Cabralia, Alexandre Carvalho e o presidente da c\u00e2mara do munic\u00edpio, Luciano Monteiro. Na oportunidade, solicitaram o apoio para que a secretaria colocasse seus t\u00e9cnicos \u00e0 disposi\u00e7\u00e3o do munic\u00edpio, no sentido de ajud\u00e1-los \u00e0 elabora\u00e7\u00e3o [&hellip;]<\/p>\n","protected":false},"author":1,"featured_media":0,"comment_status":"closed","ping_status":"open","sticky":false,"template":"","format":"standard","meta":{"footnotes":""},"categories":[45,1],"tags":[351,91],"class_list":["post-3417","post","type-post","status-publish","format-standard","hentry","category-cidades","category-noticias","tag-deputado-janio-natal","tag-santa-cruz-cabralia"],"_links":{"self":[{"href":"https:\/\/www.maisbn.com\/portal\/wp-json\/wp\/v2\/posts\/3417","targetHints":{"allow":["GET"]}}],"collection":[{"href":"https:\/\/www.maisbn.com\/portal\/wp-json\/wp\/v2\/posts"}],"about":[{"href":"https:\/\/www.maisbn.com\/portal\/wp-json\/wp\/v2\/types\/post"}],"author":[{"embeddable":true,"href":"https:\/\/www.maisbn.com\/portal\/wp-json\/wp\/v2\/users\/1"}],"replies":[{"embeddable":true,"href":"https:\/\/www.maisbn.com\/portal\/wp-json\/wp\/v2\/comments?post=3417"}],"version-history":[{"count":0,"href":"https:\/\/www.maisbn.com\/portal\/wp-json\/wp\/v2\/posts\/3417\/revisions"}],"wp:attachment":[{"href":"https:\/\/www.maisbn.com\/portal\/wp-json\/wp\/v2\/media?parent=3417"}],"wp:term":[{"taxonomy":"category","embeddable":true,"href":"https:\/\/www.maisbn.com\/portal\/wp-json\/wp\/v2\/categories?post=3417"},{"taxonomy":"post_tag","embeddable":true,"href":"https:\/\/www.maisbn.com\/portal\/wp-json\/wp\/v2\/tags?post=3417"}],"curies":[{"name":"wp","href":"https:\/\/api.w.org\/{rel}","templated":true}]}}