{"id":3372,"date":"2013-08-21T06:55:50","date_gmt":"2013-08-21T09:55:50","guid":{"rendered":"http:\/\/www.maisbn.com\/portal\/?p=3372"},"modified":"2013-08-21T06:55:50","modified_gmt":"2013-08-21T09:55:50","slug":"embasa-recebe-liderancas-de-cabralia","status":"publish","type":"post","link":"https:\/\/www.maisbn.com\/portal\/2013\/08\/embasa-recebe-liderancas-de-cabralia\/","title":{"rendered":"Embasa recebe lideran\u00e7as de Cabr\u00e1lia"},"content":{"rendered":"<p>Os Vereadores Luciano Monteiro, Presidente da C\u00e2mara municiapal, seus colegas: Roni, Soraia, Fabiano e os empres\u00e1rios\/l\u00edderes: Ronielle Paiva, Sirley Viana, Regionaldo Mac\u00eado e Norberto Silva Neto, aproveitaram a viagem que fizeram para tratar da seguran\u00e7a de Santa Cruz Cabr\u00e1lia e se reuniram com a Superintendente da EMBASA, Dra. Rita Bonfim e relataram os graves problemas de falta de \u00e1gua e o enorme odor (mau cheiro), causado pelo sistema de esgotamento sanit\u00e1rio da EMBASA. <a href=\"http:\/\/www.maisbn.com\/portal\/wp-content\/uploads\/2013\/08\/Janio_embasa_001.jpg\"><img loading=\"lazy\" decoding=\"async\" class=\"alignright  wp-image-3374\" alt=\"Janio_embasa_001\" src=\"http:\/\/www.maisbn.com\/portal\/wp-content\/uploads\/2013\/08\/Janio_embasa_001.jpg\" width=\"456\" height=\"288\" srcset=\"https:\/\/www.maisbn.com\/portal\/wp-content\/uploads\/2013\/08\/Janio_embasa_001.jpg 652w, https:\/\/www.maisbn.com\/portal\/wp-content\/uploads\/2013\/08\/Janio_embasa_001-553x350.jpg 553w, https:\/\/www.maisbn.com\/portal\/wp-content\/uploads\/2013\/08\/Janio_embasa_001-500x315.jpg 500w\" sizes=\"auto, (max-width: 456px) 100vw, 456px\" \/><\/a><\/p>\n<p>&nbsp;<\/p>\n<p>A superintendente demonstrou-se bastante receptiva aos problemas e prometeu, at\u00e9 o final deste m\u00eas, visitar pessoalmente o munic\u00edpio para v\u00ea de perto toda situa\u00e7\u00e3o e montar um plano de a\u00e7\u00e3o r\u00e1pido para solu\u00e7\u00e3o.<\/p>\n<p>&nbsp;<\/p>\n<p>O Deputado J\u00e2nio Natal, o Presidente da C\u00e2mara Luciano Monteiro e todos os presentes sa\u00edram confiantes de que os problemas ser\u00e3o resolvidos com brevidade.<\/p>\n<p>A comunidade, mais uma vez, agradece!<\/p>\n<p>&nbsp;<\/p>\n<p>Fonte: ASCOM J\u00e2nio Natal<\/p>\n","protected":false},"excerpt":{"rendered":"<p>Os Vereadores Luciano Monteiro, Presidente da C\u00e2mara municiapal, seus colegas: Roni, Soraia, Fabiano e os empres\u00e1rios\/l\u00edderes: Ronielle Paiva, Sirley Viana, Regionaldo Mac\u00eado e Norberto Silva Neto, aproveitaram a viagem que fizeram para tratar da seguran\u00e7a de Santa Cruz Cabr\u00e1lia e se reuniram com a Superintendente da EMBASA, Dra. Rita Bonfim e relataram os graves problemas [&hellip;]<\/p>\n","protected":false},"author":1,"featured_media":0,"comment_status":"closed","ping_status":"open","sticky":false,"template":"","format":"standard","meta":{"footnotes":""},"categories":[20,45,1],"tags":[351,91],"class_list":["post-3372","post","type-post","status-publish","format-standard","hentry","category-bahia","category-cidades","category-noticias","tag-deputado-janio-natal","tag-santa-cruz-cabralia"],"_links":{"self":[{"href":"https:\/\/www.maisbn.com\/portal\/wp-json\/wp\/v2\/posts\/3372","targetHints":{"allow":["GET"]}}],"collection":[{"href":"https:\/\/www.maisbn.com\/portal\/wp-json\/wp\/v2\/posts"}],"about":[{"href":"https:\/\/www.maisbn.com\/portal\/wp-json\/wp\/v2\/types\/post"}],"author":[{"embeddable":true,"href":"https:\/\/www.maisbn.com\/portal\/wp-json\/wp\/v2\/users\/1"}],"replies":[{"embeddable":true,"href":"https:\/\/www.maisbn.com\/portal\/wp-json\/wp\/v2\/comments?post=3372"}],"version-history":[{"count":0,"href":"https:\/\/www.maisbn.com\/portal\/wp-json\/wp\/v2\/posts\/3372\/revisions"}],"wp:attachment":[{"href":"https:\/\/www.maisbn.com\/portal\/wp-json\/wp\/v2\/media?parent=3372"}],"wp:term":[{"taxonomy":"category","embeddable":true,"href":"https:\/\/www.maisbn.com\/portal\/wp-json\/wp\/v2\/categories?post=3372"},{"taxonomy":"post_tag","embeddable":true,"href":"https:\/\/www.maisbn.com\/portal\/wp-json\/wp\/v2\/tags?post=3372"}],"curies":[{"name":"wp","href":"https:\/\/api.w.org\/{rel}","templated":true}]}}