{"id":3344,"date":"2013-08-13T18:58:42","date_gmt":"2013-08-13T21:58:42","guid":{"rendered":"http:\/\/www.maisbn.com\/portal\/?p=3344"},"modified":"2013-08-14T19:22:01","modified_gmt":"2013-08-14T22:22:01","slug":"iv-conferencia-municipal-de-assistencia-social-2","status":"publish","type":"post","link":"https:\/\/www.maisbn.com\/portal\/2013\/08\/iv-conferencia-municipal-de-assistencia-social-2\/","title":{"rendered":"IV Confer\u00eancia Municipal de Assist\u00eancia Social."},"content":{"rendered":"<p>No ultimo dia 08 de agosto, foi realizada a IV Confer\u00eancia Municipal de Assist\u00eancia Social com o tema: \u201cA Gest\u00e3o e o Financiamento na Efetiva\u00e7\u00e3o do SUAS\u201d. O evento foi realizado no Centro Social da Col\u00f4nia de Pesca e Aquicultura Z-21, rec\u00e9m-inaugurado no mun\u00edcipio, o evento deu-se inicio com a presen\u00e7a de v\u00e1rios segmentos da sociedade e tamb\u00e9m entidades governamentais, l\u00edderes de igrejas entre outros. O objetivo principal desta confer\u00eancia \u00e9 elaborar propostas que visam o aprimoramento e o melhoramento dos servi\u00e7os assistenciais, bem como fomentar a participa\u00e7\u00e3o da popula\u00e7\u00e3o no financiamento dos recursos e na gest\u00e3o do SUAS (Sistema \u00danico de Assist\u00eancia Social).<\/p>\n<p><a href=\"http:\/\/www.maisbn.com\/portal\/wp-content\/uploads\/2013\/08\/IV_Conferencia_socia.jpg\"><img loading=\"lazy\" decoding=\"async\" class=\"size-full wp-image-3345 aligncenter\" alt=\"IV_Conferencia_socia\" src=\"http:\/\/www.maisbn.com\/portal\/wp-content\/uploads\/2013\/08\/IV_Conferencia_socia.jpg\" width=\"650\" height=\"412\" srcset=\"https:\/\/www.maisbn.com\/portal\/wp-content\/uploads\/2013\/08\/IV_Conferencia_socia.jpg 650w, https:\/\/www.maisbn.com\/portal\/wp-content\/uploads\/2013\/08\/IV_Conferencia_socia-552x350.jpg 552w, https:\/\/www.maisbn.com\/portal\/wp-content\/uploads\/2013\/08\/IV_Conferencia_socia-500x316.jpg 500w\" sizes=\"auto, (max-width: 650px) 100vw, 650px\" \/><\/a><\/p>\n<p>A confer\u00eancia tece como palestrante, a senhora Aurea Oliveira que com muita din\u00e2mica explanou sobre o tema principal da confer\u00eancia e enfatizou a import\u00e2ncia da participa\u00e7\u00e3o dos pr\u00f3prios usu\u00e1rios dos servi\u00e7os, no caso a popula\u00e7\u00e3o na formula\u00e7\u00e3o das pol\u00edticas p\u00fablicas de assist\u00eancia. Durante a palestra, os participantes puderam interagir com palestrante a todo o momento e receberam orienta\u00e7\u00e3o de como organizasse as discurs\u00f5es num segundo momento da confer\u00eancia, que seria organizada por seis eixos tem\u00e1ticos, subdivididos por termas que englobam o SUAS como um toldo.<\/p>\n<p><a href=\"http:\/\/www.maisbn.com\/portal\/wp-content\/uploads\/2013\/08\/IV_Conferencia_socia2.jpg\"><img loading=\"lazy\" decoding=\"async\" class=\"alignright  wp-image-3346\" alt=\"IV_Conferencia_socia2\" src=\"http:\/\/www.maisbn.com\/portal\/wp-content\/uploads\/2013\/08\/IV_Conferencia_socia2.jpg\" width=\"520\" height=\"330\" srcset=\"https:\/\/www.maisbn.com\/portal\/wp-content\/uploads\/2013\/08\/IV_Conferencia_socia2.jpg 650w, https:\/\/www.maisbn.com\/portal\/wp-content\/uploads\/2013\/08\/IV_Conferencia_socia2-552x350.jpg 552w, https:\/\/www.maisbn.com\/portal\/wp-content\/uploads\/2013\/08\/IV_Conferencia_socia2-500x316.jpg 500w\" sizes=\"auto, (max-width: 520px) 100vw, 520px\" \/><\/a>Pela parte da tarde, as atividades tiveram inicio com a apresenta\u00e7\u00e3o de capoeira com os adolescentes do PROJOVEM e foi um momento muito caloroso e divertido, pois pudemos contar com a participa\u00e7\u00e3o na Secret\u00e1ria de Assist\u00eancia Social e Frei Den\u00edlson ambos na roda de capoeira e alguns idosos do grupo do CRAS. Logo em seguida o Presidente do Conselho Municipal de Assist\u00eancia social, fez a divis\u00e3o dos eixos tem\u00e1ticos para que fossem discutidas as propostas para serem explanadas na plen\u00e1ria final. Ao final de todo o processo foi realizada a elei\u00e7\u00e3o dos delegados que representar\u00e3o o mun\u00edcipio de Belmonte, na IX Confer\u00eancia de Assist\u00eancia Social em Salvador, os crit\u00e9rios para esta elei\u00e7\u00e3o seria de que um participante fosse do poder p\u00fablico e outro da sociedade civil organizada, ambos com seus respectivos suplentes; e assim procedeu-se dando o resultado com a senhora Maria do Carmo Concei\u00e7\u00e3o representando o Projeto \u00c1gape e a senhora F\u00e1tima Rodrigues representando a Secret\u00e1ria Municipal de Assist\u00eancia Social.<\/p>\n<p>Ao final da elei\u00e7\u00e3o, as propostas elaboradas pelos participantes dos eixos, foram explanadas e socializadas entre os participantes da Confer\u00eancia que com um entendimento mais aprofundado, deram sua opini\u00e3o e enviaram para ser analisada as 24 propostas do munic\u00edpio; ao final do evento, ainda tivemos uma maravilhosa apresenta\u00e7\u00e3o do coral de idosos do CRAS (Extens\u00e3o de Barrol\u00e2ndia) e de Ballet do grupo belmontense Diante da Gloria e que fechou o evento com chave de ouro.<\/p>\n<p>Foi um dia bastante proveitoso, onde a popula\u00e7\u00e3o p\u00f4de acompanhar de perto e tamb\u00e9m puderam opinar sobre quest\u00f5es que visam melhorar a qualidade dos servi\u00e7os assist\u00eancias para a popula\u00e7\u00e3o e principalmente para a popula\u00e7\u00e3o carente que precisa de um servi\u00e7o de qualidade. Aproveitamos a oportunidade para parabenizar a todos os envolvidos neste evento, aos realizadores que s\u00e3o: Conselho Municipal de Assist\u00eancia Social que tem como presidente frei Den\u00edlson, aos funcion\u00e1rios da Secret\u00e1ria de Assist\u00eancia Social, a Secret\u00e1ria Carla Marcolan Xavier, a Prefeita Alice Maria Magnavita que deu apoio e a todos os participantes deste evento, que sem d\u00favidas foi o mais esclarecedor poss\u00edvel.<\/p>\n<p>Fonte: Jornal de Belmonte \/ fotos: Silvano J\u00fanior<\/p>\n<p><a href=\"http:\/\/www.maisbn.com\/galerias\/248\" target=\"_blank\"><img loading=\"lazy\" decoding=\"async\" style=\"border: 0px none;\" alt=\"\" src=\"http:\/\/www.belmontenews.com\/imagensFCK\/image\/galeria_fotos.gif\" width=\"200\" height=\"169\" border=\"0\" \/><\/a><\/p>\n","protected":false},"excerpt":{"rendered":"<p>No ultimo dia 08 de agosto, foi realizada a IV Confer\u00eancia Municipal de Assist\u00eancia Social com o tema: \u201cA Gest\u00e3o e o Financiamento na Efetiva\u00e7\u00e3o do SUAS\u201d. O evento foi realizado no Centro Social da Col\u00f4nia de Pesca e Aquicultura Z-21, rec\u00e9m-inaugurado no mun\u00edcipio, o evento deu-se inicio com a presen\u00e7a de v\u00e1rios segmentos da [&hellip;]<\/p>\n","protected":false},"author":1,"featured_media":0,"comment_status":"closed","ping_status":"open","sticky":false,"template":"","format":"standard","meta":{"footnotes":""},"categories":[45,1],"tags":[402],"class_list":["post-3344","post","type-post","status-publish","format-standard","hentry","category-cidades","category-noticias","tag-assistencia-social"],"_links":{"self":[{"href":"https:\/\/www.maisbn.com\/portal\/wp-json\/wp\/v2\/posts\/3344","targetHints":{"allow":["GET"]}}],"collection":[{"href":"https:\/\/www.maisbn.com\/portal\/wp-json\/wp\/v2\/posts"}],"about":[{"href":"https:\/\/www.maisbn.com\/portal\/wp-json\/wp\/v2\/types\/post"}],"author":[{"embeddable":true,"href":"https:\/\/www.maisbn.com\/portal\/wp-json\/wp\/v2\/users\/1"}],"replies":[{"embeddable":true,"href":"https:\/\/www.maisbn.com\/portal\/wp-json\/wp\/v2\/comments?post=3344"}],"version-history":[{"count":0,"href":"https:\/\/www.maisbn.com\/portal\/wp-json\/wp\/v2\/posts\/3344\/revisions"}],"wp:attachment":[{"href":"https:\/\/www.maisbn.com\/portal\/wp-json\/wp\/v2\/media?parent=3344"}],"wp:term":[{"taxonomy":"category","embeddable":true,"href":"https:\/\/www.maisbn.com\/portal\/wp-json\/wp\/v2\/categories?post=3344"},{"taxonomy":"post_tag","embeddable":true,"href":"https:\/\/www.maisbn.com\/portal\/wp-json\/wp\/v2\/tags?post=3344"}],"curies":[{"name":"wp","href":"https:\/\/api.w.org\/{rel}","templated":true}]}}