{"id":3297,"date":"2013-07-31T22:44:22","date_gmt":"2013-08-01T01:44:22","guid":{"rendered":"http:\/\/www.maisbn.com\/portal\/?p=3297"},"modified":"2013-07-31T22:44:22","modified_gmt":"2013-08-01T01:44:22","slug":"onda-de-assaltos-desafia-seguranca-publica-e-assusta-populacao","status":"publish","type":"post","link":"https:\/\/www.maisbn.com\/portal\/2013\/07\/onda-de-assaltos-desafia-seguranca-publica-e-assusta-populacao\/","title":{"rendered":"Onda de assaltos desafia seguran\u00e7a p\u00fablica e assusta popula\u00e7\u00e3o."},"content":{"rendered":"<p>A foto ao lado mostra como a situa\u00e7\u00e3o da seguran\u00e7a p\u00fablica est\u00e1 ca\u00f3tica em Santa Cruz Cabr\u00e1lia. Depois de mais um assalto acontecido nesta segunda-feira (29\/07), os propriet\u00e1rios da ag\u00eancia do Bradesco Expresso resolveram fechar as portas e colocar um an\u00fancio em forma de protesto contra as condi\u00e7\u00f5es de seguran\u00e7a da cidade. A popula\u00e7\u00e3o vive com medo porque s\u00e3o v\u00e1rios assaltos que vem acontecendo com frequ\u00eancia em todo o munic\u00edpio. O que mete medo \u00e9 que n\u00e3o existem hor\u00e1rios para acontecer os ataques que s\u00e3o todos feitos do mesmo modo: Em motos com, no m\u00ednimo dois bandidos armados, que anunciam o assalto, saqueiam os estabelecimentos e <a href=\"http:\/\/www.maisbn.com\/portal\/wp-content\/uploads\/2013\/07\/Assalto_Cabralia_002.jpg\"><img loading=\"lazy\" decoding=\"async\" class=\"alignright  wp-image-3298\" alt=\"Assalto_Cabralia_002\" src=\"http:\/\/www.maisbn.com\/portal\/wp-content\/uploads\/2013\/07\/Assalto_Cabralia_002.jpg\" width=\"456\" height=\"288\" srcset=\"https:\/\/www.maisbn.com\/portal\/wp-content\/uploads\/2013\/07\/Assalto_Cabralia_002.jpg 652w, https:\/\/www.maisbn.com\/portal\/wp-content\/uploads\/2013\/07\/Assalto_Cabralia_002-553x350.jpg 553w, https:\/\/www.maisbn.com\/portal\/wp-content\/uploads\/2013\/07\/Assalto_Cabralia_002-500x315.jpg 500w\" sizes=\"auto, (max-width: 456px) 100vw, 456px\" \/><\/a>saem em disparada pelas ruas, sumindo rapidamente. As motos usadas s\u00e3o de cores e modelos variados. As mais comentadas s\u00e3o a CB 300 Amarela, uma CB 300 Branca, uma XTZ Preta, uma Broz vermelha, uma CG Preta, entre outras varia\u00e7\u00f5es. Sem contar que j\u00e1 se tem noticias de um UNO preto e de um Celta Prata que tamb\u00e9m s\u00e3o usados pelos bandidos.<\/p>\n<p>O modelo de opera\u00e7\u00e3o dos meliantes \u00e9 o mesmo: Eles aproveitam a aus\u00eancia da Policia Militar em trechos da cidade e assaltam. Na verdade, pelo modo como acontecem os delitos, presume-se que eles monitoram onde est\u00e1 a viatura e atacam quando a mesma est\u00e1 distante do local. Tal fato \u00e9 f\u00e1cil de acontecer porque Santa Cruz Cabr\u00e1lia conta com apenas uma viatura e um efetivo reduzid\u00edssimo para cobrir toda a cidade e seus povoados. Outro ponto que se deve citar \u00e9 a dificuldade tamb\u00e9m vivida pela policia civil local, onde a delegacia n\u00e3o funciona \u00e0 noite e nem em finais de semana por falta de efetivo. A cidade s\u00f3 conta com delegado em algumas vezes da semana, dificultando as investiga\u00e7\u00f5es e obrigando a Policia Militar a deixar a cidade sem seguran\u00e7a e deslocar a \u00fanica viatura de servi\u00e7o para apresentar presos em Porto Seguro nesses per\u00edodos.<\/p>\n<p>&nbsp;<\/p>\n<p>Os comerciantes est\u00e3o revoltados com a situa\u00e7\u00e3o e j\u00e1 estudam protestos para os pr\u00f3ximos dias. Para se ter ideia da periculosidade dos assaltos, essa mesma quadrilha j\u00e1 cometeu um homic\u00eddio em suas a\u00e7\u00f5es. O fato aconteceu no bairro Gerald\u00e3o onde o propriet\u00e1rio de uma mercearia foi morto com um tiro na cabe\u00e7a depois de ser assaltado pelos mesmos bandidos.<\/p>\n<p><a href=\"http:\/\/www.maisbn.com\/portal\/wp-content\/uploads\/2013\/07\/Assalto_Cabralia_003.jpg\"><img loading=\"lazy\" decoding=\"async\" class=\"size-full wp-image-3299 aligncenter\" alt=\"Assalto_Cabralia_003\" src=\"http:\/\/www.maisbn.com\/portal\/wp-content\/uploads\/2013\/07\/Assalto_Cabralia_003.jpg\" width=\"652\" height=\"412\" srcset=\"https:\/\/www.maisbn.com\/portal\/wp-content\/uploads\/2013\/07\/Assalto_Cabralia_003.jpg 652w, https:\/\/www.maisbn.com\/portal\/wp-content\/uploads\/2013\/07\/Assalto_Cabralia_003-553x350.jpg 553w, https:\/\/www.maisbn.com\/portal\/wp-content\/uploads\/2013\/07\/Assalto_Cabralia_003-500x315.jpg 500w\" sizes=\"auto, (max-width: 652px) 100vw, 652px\" \/><\/a><\/p>\n<p>At\u00e9 o momento o local mais afetado \u00e9 Coroa Vermelha. Ontem nossa equipe passou pelo local e notou v\u00e1rias casas comerciais, inclusive bares, conveni\u00eancias e pizzarias fechando cedo por medo das a\u00e7\u00f5es dos bandidos. A Policia Militar tamb\u00e9m refor\u00e7ou o policiamento na cidade e ontem (30-07) durante a noite policias de moto, al\u00e9m de viaturas do CETO se uniram ao policiamento local para fazer rondas pela cidade e inibir as a\u00e7\u00f5es ousadas dos bandidos.<\/p>\n<p>Nos pr\u00f3ximos dias os comerciantes est\u00e3o organizando uma reuni\u00e3o com as autoridades locais para que sejam tomadas provid\u00eancias para melhorar a seguran\u00e7a da cidade. Enquanto isso n\u00e3o acontece, a popula\u00e7\u00e3o segue em clima de muito medo e sem saber o que fazer para se protegerem dos ataques.<\/p>\n<p>&nbsp;<\/p>\n<p>&nbsp;<\/p>\n","protected":false},"excerpt":{"rendered":"<p>A foto ao lado mostra como a situa\u00e7\u00e3o da seguran\u00e7a p\u00fablica est\u00e1 ca\u00f3tica em Santa Cruz Cabr\u00e1lia. Depois de mais um assalto acontecido nesta segunda-feira (29\/07), os propriet\u00e1rios da ag\u00eancia do Bradesco Expresso resolveram fechar as portas e colocar um an\u00fancio em forma de protesto contra as condi\u00e7\u00f5es de seguran\u00e7a da cidade. A popula\u00e7\u00e3o vive [&hellip;]<\/p>\n","protected":false},"author":1,"featured_media":0,"comment_status":"closed","ping_status":"open","sticky":false,"template":"","format":"standard","meta":{"footnotes":""},"categories":[1,16],"tags":[627,91,304],"class_list":["post-3297","post","type-post","status-publish","format-standard","hentry","category-noticias","category-policial","tag-policial","tag-santa-cruz-cabralia","tag-violencia-em-santa-cruz-cabralia"],"_links":{"self":[{"href":"https:\/\/www.maisbn.com\/portal\/wp-json\/wp\/v2\/posts\/3297","targetHints":{"allow":["GET"]}}],"collection":[{"href":"https:\/\/www.maisbn.com\/portal\/wp-json\/wp\/v2\/posts"}],"about":[{"href":"https:\/\/www.maisbn.com\/portal\/wp-json\/wp\/v2\/types\/post"}],"author":[{"embeddable":true,"href":"https:\/\/www.maisbn.com\/portal\/wp-json\/wp\/v2\/users\/1"}],"replies":[{"embeddable":true,"href":"https:\/\/www.maisbn.com\/portal\/wp-json\/wp\/v2\/comments?post=3297"}],"version-history":[{"count":0,"href":"https:\/\/www.maisbn.com\/portal\/wp-json\/wp\/v2\/posts\/3297\/revisions"}],"wp:attachment":[{"href":"https:\/\/www.maisbn.com\/portal\/wp-json\/wp\/v2\/media?parent=3297"}],"wp:term":[{"taxonomy":"category","embeddable":true,"href":"https:\/\/www.maisbn.com\/portal\/wp-json\/wp\/v2\/categories?post=3297"},{"taxonomy":"post_tag","embeddable":true,"href":"https:\/\/www.maisbn.com\/portal\/wp-json\/wp\/v2\/tags?post=3297"}],"curies":[{"name":"wp","href":"https:\/\/api.w.org\/{rel}","templated":true}]}}