{"id":3281,"date":"2013-07-25T19:28:55","date_gmt":"2013-07-25T22:28:55","guid":{"rendered":"http:\/\/www.maisbn.com\/portal\/?p=3281"},"modified":"2013-07-26T20:42:37","modified_gmt":"2013-07-26T23:42:37","slug":"janival-e-janio-natal-entregam-trator-e-imprementos-agricolas-para-agricultores-belmontenses","status":"publish","type":"post","link":"https:\/\/www.maisbn.com\/portal\/2013\/07\/janival-e-janio-natal-entregam-trator-e-imprementos-agricolas-para-agricultores-belmontenses\/","title":{"rendered":"Janival e J\u00e2nio Natal entregam trator e implementos agr\u00edcolas para agricultores belmontenses."},"content":{"rendered":"<p>Apesar de n\u00e3o ter obtido \u00eaxito na elei\u00e7\u00e3o de prefeito de Belmonte, o agricultor Janival Andrade continua acreditando e trabalhando duro no desenvolvimento da agricultura do munic\u00edpio. Para provar isso, Janival, no \u00faltimo domingo (21\/07) esteve nas comunidades de Unidos em Cristo e do UBU juntamente com seu irm\u00e3o, o Deputado Federal J\u00e2nio Natal para fazer a entrega de tratores com implementos agr\u00edcolas que muito beneficiar\u00e3o os pequenos produtores rurais destas regi\u00f5es.<\/p>\n<p>&nbsp;<\/p>\n<p>O ato foi uma promessa feita ainda em campanha onde Janival garantiu, caso fosse eleito, apoiar e desenvolver projetos que alavancassem a agricultura do munic\u00edpio que tem possibilidade de ser uma grande fonte riquezas para os belmontenses sem contar com os investimentos necess\u00e1rios do poder p\u00fablico para a atividade.<\/p>\n<p><a href=\"http:\/\/www.maisbn.com\/portal\/wp-content\/uploads\/2013\/07\/tratores1.jpg\"><img loading=\"lazy\" decoding=\"async\" class=\"size-full wp-image-3282 aligncenter\" alt=\"tratores1\" src=\"http:\/\/www.maisbn.com\/portal\/wp-content\/uploads\/2013\/07\/tratores1.jpg\" width=\"650\" height=\"412\" srcset=\"https:\/\/www.maisbn.com\/portal\/wp-content\/uploads\/2013\/07\/tratores1.jpg 650w, https:\/\/www.maisbn.com\/portal\/wp-content\/uploads\/2013\/07\/tratores1-552x350.jpg 552w, https:\/\/www.maisbn.com\/portal\/wp-content\/uploads\/2013\/07\/tratores1-500x316.jpg 500w\" sizes=\"auto, (max-width: 650px) 100vw, 650px\" \/><\/a><\/p>\n<p>Na oportunidade, Janival, que tamb\u00e9m \u00e9 agricultor e bem conhece as necessidades do produtor rural, agradeceu o apoio pol\u00edtico destas comunidades e prometeu continuar apoiando os pequenos produtores rurais juntamente com o Deputado Janio Natal.<\/p>\n<p>&nbsp;<\/p>\n<p>No povoado do UBU Janival e Janio Natal, foram acompanhados pelo Sr Mardson da Silva, coordenador da CAR que elogiou o empenho do deputado, de Janival, do presidente Sr. Raimundo da Abelha e toda diretoria da APROBU. O evento contou tamb\u00e9m com a presen\u00e7a dos vereadores TURISTA e IDINHO, que tem uma longa hist\u00f3ria de apoio a estas comunidades.<\/p>\n<p>&nbsp;<\/p>\n<p>Al\u00e9m do de um trator 4&#215;4 tra\u00e7ado, zero quilometro, foram entregues uma maquina batedeira de feij\u00e3o e milho, um escalificafor, um arado, uma carrocinha agr\u00edcola, uma grade niveladora, al\u00e9m de recursos para a constru\u00e7\u00e3o de uma garagem para todos estes equipamentos.\u00a0<a href=\"http:\/\/www.maisbn.com\/portal\/wp-content\/uploads\/2013\/07\/tratores.jpg\"><img loading=\"lazy\" decoding=\"async\" class=\"alignright  wp-image-3284\" alt=\"tratores\" src=\"http:\/\/www.maisbn.com\/portal\/wp-content\/uploads\/2013\/07\/tratores.jpg\" width=\"455\" height=\"288\" srcset=\"https:\/\/www.maisbn.com\/portal\/wp-content\/uploads\/2013\/07\/tratores.jpg 650w, https:\/\/www.maisbn.com\/portal\/wp-content\/uploads\/2013\/07\/tratores-552x350.jpg 552w, https:\/\/www.maisbn.com\/portal\/wp-content\/uploads\/2013\/07\/tratores-500x316.jpg 500w\" sizes=\"auto, (max-width: 455px) 100vw, 455px\" \/><\/a><\/p>\n<p>&nbsp;<\/p>\n<p>Na comunidade Unidos em Cristo notou-se a precariedade do acesso \u00e0 localidade devido \u00e0s p\u00e9ssimas condi\u00e7\u00f5es da estrada tanto para o uso dos moradores como para escoamento da produ\u00e7\u00e3o. A comunidade tamb\u00e9m j\u00e1 recebeu trator com todos equipamentos e teve seu pedido de Luz Para Todos aprovado gra\u00e7as ao empenho pessoal de Janival. Diante de tantos benef\u00edcios toda comunidade voltaram a pedir a Janival e J\u00e2nio Natal que continuassem dando o apoio para melhoria da qualidade de vida de seus associados.<\/p>\n<p>&nbsp;<\/p>\n<p>Atendendo aos pedidos, Janival e Janio prometeram continuar com o apoio e j\u00e1 Agendaram visitas com a diretoria da Coelba e da Secretaria de INFRAESTRUTURA na\u00a0pr\u00f3xima Ter\u00e7a\u00a0para tratarem do assunto do projeto Luz para Todos desta e de outras comunidades como Projeto Pia\u00e7ava, S\u00e3o Francisco do Jequitinhonha, o Pr\u00e9dio, Canta Galo, Rio Preto a Mogiqui\u00e7aba, \u00a0C\u00f3rrego Vermelho e outras comunidades rurais belmontenses.\u00a0\u201c O trabalho continua e eu estou fazendo a minha parte para mudar a vida dos belmontenses. Eu nasci aqui, vivo aqui e acredito que a cidade possa ser a grande estrela do Extremo Sul da Bahia o que falta \u00e9 vontade e coragem do poder p\u00fablico de arrega\u00e7ar as mangas e trabalhar, investindo com responsabilidade. Os belmontenses est\u00e3o cheios de promessas, agora, todos n\u00f3s queremos ver a\u00e7\u00f5es concretas e \u00e9 isso que eu busco para a minha cidade juntamente com meu irm\u00e3o e deputado J\u00e2nio Natal.\u201d &#8211; Comentou Janival visivelmente emocionado com a recep\u00e7\u00e3o dos produtores da regi\u00e3o.<\/p>\n<p>&nbsp;<\/p>\n<p>&nbsp;<\/p>\n<p><a href=\"http:\/\/www.maisbn.com\/galerias\/242\" target=\"_blank\"><img loading=\"lazy\" decoding=\"async\" style=\"border: 0px none;\" alt=\"\" src=\"http:\/\/www.belmontenews.com\/imagensFCK\/image\/galeria_fotos.gif\" width=\"200\" height=\"169\" border=\"0\" \/><\/a><\/p>\n<p>&nbsp;<\/p>\n<p>&nbsp;<\/p>\n","protected":false},"excerpt":{"rendered":"<p>Apesar de n\u00e3o ter obtido \u00eaxito na elei\u00e7\u00e3o de prefeito de Belmonte, o agricultor Janival Andrade continua acreditando e trabalhando duro no desenvolvimento da agricultura do munic\u00edpio. Para provar isso, Janival, no \u00faltimo domingo (21\/07) esteve nas comunidades de Unidos em Cristo e do UBU juntamente com seu irm\u00e3o, o Deputado Federal J\u00e2nio Natal para [&hellip;]<\/p>\n","protected":false},"author":1,"featured_media":0,"comment_status":"closed","ping_status":"open","sticky":false,"template":"","format":"standard","meta":{"footnotes":""},"categories":[1],"tags":[148,51],"class_list":["post-3281","post","type-post","status-publish","format-standard","hentry","category-noticias","tag-janio-natal","tag-janival-andrade"],"_links":{"self":[{"href":"https:\/\/www.maisbn.com\/portal\/wp-json\/wp\/v2\/posts\/3281","targetHints":{"allow":["GET"]}}],"collection":[{"href":"https:\/\/www.maisbn.com\/portal\/wp-json\/wp\/v2\/posts"}],"about":[{"href":"https:\/\/www.maisbn.com\/portal\/wp-json\/wp\/v2\/types\/post"}],"author":[{"embeddable":true,"href":"https:\/\/www.maisbn.com\/portal\/wp-json\/wp\/v2\/users\/1"}],"replies":[{"embeddable":true,"href":"https:\/\/www.maisbn.com\/portal\/wp-json\/wp\/v2\/comments?post=3281"}],"version-history":[{"count":0,"href":"https:\/\/www.maisbn.com\/portal\/wp-json\/wp\/v2\/posts\/3281\/revisions"}],"wp:attachment":[{"href":"https:\/\/www.maisbn.com\/portal\/wp-json\/wp\/v2\/media?parent=3281"}],"wp:term":[{"taxonomy":"category","embeddable":true,"href":"https:\/\/www.maisbn.com\/portal\/wp-json\/wp\/v2\/categories?post=3281"},{"taxonomy":"post_tag","embeddable":true,"href":"https:\/\/www.maisbn.com\/portal\/wp-json\/wp\/v2\/tags?post=3281"}],"curies":[{"name":"wp","href":"https:\/\/api.w.org\/{rel}","templated":true}]}}