{"id":3275,"date":"2013-07-25T08:43:34","date_gmt":"2013-07-25T11:43:34","guid":{"rendered":"http:\/\/www.maisbn.com\/portal\/?p=3275"},"modified":"2013-07-25T08:43:34","modified_gmt":"2013-07-25T11:43:34","slug":"anitta-arrasou-no-axe-porto-2013-com-seu-show-das-poderosas","status":"publish","type":"post","link":"https:\/\/www.maisbn.com\/portal\/2013\/07\/anitta-arrasou-no-axe-porto-2013-com-seu-show-das-poderosas\/","title":{"rendered":"Anitta arrasou no Ax\u00e9 Porto 2013 com seu \u201cShow das Poderosas\u201d"},"content":{"rendered":"<p class=\"MsoNormal\">\n<p class=\"MsoNormal\">\n<p class=\"MsoNormal\"><span style=\"font-size: 12.0pt;\"><span style=\"font-size: 12.0pt;\"><a href=\"http:\/\/www.maisbn.com\/portal\/wp-content\/uploads\/2013\/07\/anittaaxeporto.jpg\"><img loading=\"lazy\" decoding=\"async\" class=\"alignleft size-full wp-image-3276\" alt=\"anittaaxeporto\" src=\"http:\/\/www.maisbn.com\/portal\/wp-content\/uploads\/2013\/07\/anittaaxeporto.jpg\" width=\"397\" height=\"290\" \/><\/a><\/span>Anitta foi a grande sensa\u00e7\u00e3o do Ax\u00e9 Porto 2013. Aguardada com grande ansiedade pelo p\u00fablico que lotou a Arena Ax\u00e9 Moi na noite de 22 de julho, a cantora se esmerou na produ\u00e7\u00e3o e subiu no trio el\u00e9trico com visual diferenciado, usando terer\u00ea no cabelo &#8211; um aplique de linhas coloridas sobre uma tran\u00e7a de cabelo natural muito usado em per\u00edodo de festas na Bahia.\u00a0 E foi s\u00f3 ela disparar seu hit \u201cShow das Poderosas e ningu\u00e9m mais ficou parado.<\/span><\/p>\n<p>&nbsp;<\/p>\n<p class=\"MsoNormal\"><span style=\"font-size: 12.0pt;\">Ela cantou os sucessos \u201cMeiga e Poderosa\u201d, \u201cMenina M\u00e1\u201d, \u201cProposta\u201d e \u201cT\u00e1 na Mira\u201d. Aproveitou para apresentar ao p\u00fablico can\u00e7\u00f5es novas, que est\u00e3o no CD \u201cAnitta\u201d, lan\u00e7ado no in\u00edcio de julho.Entre elas, a balada \u201cZen\u201d. Ecl\u00e9tica, com dom\u00ednio de v\u00e1rios estilos, Anitta cantou ax\u00e9, pop, reggae e MPB, com direito a Tim Maia, Jorge Benjor, banda Eva, Ivete Sangalo, Claudia Leite, entre outros sucessos de artistas nacionais. Tamb\u00e9m caprichou numa sequencia com diversos funks conhecidos. <\/span><\/p>\n<p>&nbsp;<\/p>\n<p class=\"MsoNormal\"><span style=\"font-size: 12.0pt;\"><a href=\"http:\/\/www.maisbn.com\/portal\/wp-content\/uploads\/2013\/07\/anittaaxeporto2.jpg\"><img loading=\"lazy\" decoding=\"async\" class=\"alignright size-full wp-image-3277\" alt=\"anittaaxeporto2\" src=\"http:\/\/www.maisbn.com\/portal\/wp-content\/uploads\/2013\/07\/anittaaxeporto2.jpg\" width=\"448\" height=\"299\" \/><\/a>Anitta conversou com o p\u00fablico e falou do lan\u00e7amento do novo CD: \u201cMe ajudem a ficar rica. Comprem meu CD\u201d, brincou a cantora, que continua bombando e j\u00e1 ganhou disco de ouro pela venda, em apenas 10 dias, de 40 mil c\u00f3pias do seu primeiro \u00e1lbum. <\/span><\/p>\n<p>&nbsp;<\/p>\n<p class=\"MsoNormal\"><span style=\"font-size: 12.0pt;\">Antes e depois do show, Anitta postou foto no instagram e declarou seu amor por Porto Seguro e pelo p\u00fablico que prestigiou o show. \u201cAmo Bahia! Amei, Porto Seguro&#8230; Que energia, gente linda&#8230; Foi tudo! Feliz!\u201d, resumiu a cantora.<\/span><\/p>\n<p>&nbsp;<\/p>\n<p class=\"MsoNormal\"><span style=\"font-size: 12.0pt;\">A noite contou tamb\u00e9m com apresenta\u00e7\u00e3o de MC Koringa, que manteve a pista fervendo com seu baile charme e o p\u00fablico, composto em sua maioria por estudantes em f\u00e9rias na cidade, com a energia a mil.\u00a0 <\/span><\/p>\n<p>&nbsp;<\/p>\n<p class=\"MsoNormal\"><span style=\"font-size: 12.0pt;\">A banda Jammil encerrou o Ax\u00e9 Porto no dia 23 de julho. Com mais de 2 horas de apresenta\u00e7\u00e3o, Levi Lima e Manno G\u00f3es agitaram o p\u00fablico cantando os grandes hits da banda, como &#8220;Colorir Papel&#8221;, &#8220;Celebrar&#8221;, &#8220;Praieiro&#8221;, &#8220;\u00ca Saudade&#8221;, &#8220;Tchau, I Have To Go Now&#8221;, al\u00e9m de cl\u00e1ssicos do ax\u00e9 music.<\/span><\/p>\n<p><span style=\"font-family: 'Calibri','sans-serif';\">Para saber o que vai rolar no Ax\u00e9 Porto 2013 \u00e9 s\u00f3 ficar de olho no site: <a href=\"http:\/\/www.axeporto-axemoi.com.br\/\" target=\"_blank\">www.axeporto-axemoi.com.br<\/a>.\u00a0 Em breve, novidades!<\/span><\/p>\n","protected":false},"excerpt":{"rendered":"<p>Anitta foi a grande sensa\u00e7\u00e3o do Ax\u00e9 Porto 2013. Aguardada com grande ansiedade pelo p\u00fablico que lotou a Arena Ax\u00e9 Moi na noite de 22 de julho, a cantora se esmerou na produ\u00e7\u00e3o e subiu no trio el\u00e9trico com visual diferenciado, usando terer\u00ea no cabelo &#8211; um aplique de linhas coloridas sobre uma tran\u00e7a de [&hellip;]<\/p>\n","protected":false},"author":7,"featured_media":0,"comment_status":"closed","ping_status":"open","sticky":false,"template":"","format":"standard","meta":{"footnotes":""},"categories":[1],"tags":[284,177,179],"class_list":["post-3275","post","type-post","status-publish","format-standard","hentry","category-noticias","tag-arena-axe-moi","tag-axemoi","tag-axemoi-porto-seguro"],"_links":{"self":[{"href":"https:\/\/www.maisbn.com\/portal\/wp-json\/wp\/v2\/posts\/3275","targetHints":{"allow":["GET"]}}],"collection":[{"href":"https:\/\/www.maisbn.com\/portal\/wp-json\/wp\/v2\/posts"}],"about":[{"href":"https:\/\/www.maisbn.com\/portal\/wp-json\/wp\/v2\/types\/post"}],"author":[{"embeddable":true,"href":"https:\/\/www.maisbn.com\/portal\/wp-json\/wp\/v2\/users\/7"}],"replies":[{"embeddable":true,"href":"https:\/\/www.maisbn.com\/portal\/wp-json\/wp\/v2\/comments?post=3275"}],"version-history":[{"count":0,"href":"https:\/\/www.maisbn.com\/portal\/wp-json\/wp\/v2\/posts\/3275\/revisions"}],"wp:attachment":[{"href":"https:\/\/www.maisbn.com\/portal\/wp-json\/wp\/v2\/media?parent=3275"}],"wp:term":[{"taxonomy":"category","embeddable":true,"href":"https:\/\/www.maisbn.com\/portal\/wp-json\/wp\/v2\/categories?post=3275"},{"taxonomy":"post_tag","embeddable":true,"href":"https:\/\/www.maisbn.com\/portal\/wp-json\/wp\/v2\/tags?post=3275"}],"curies":[{"name":"wp","href":"https:\/\/api.w.org\/{rel}","templated":true}]}}