{"id":3249,"date":"2013-07-24T12:21:29","date_gmt":"2013-07-24T15:21:29","guid":{"rendered":"http:\/\/www.maisbn.com\/portal\/?p=3249"},"modified":"2013-07-24T12:29:58","modified_gmt":"2013-07-24T15:29:58","slug":"prefeito-jorge-pontes-e-o-deputado-estadual-bira-coroa-participam-de-missa-festiva","status":"publish","type":"post","link":"https:\/\/www.maisbn.com\/portal\/2013\/07\/prefeito-jorge-pontes-e-o-deputado-estadual-bira-coroa-participam-de-missa-festiva\/","title":{"rendered":"Prefeito Jorge Pontes e o Deputado Estadual Bira Cor\u00f4a participam de missa festiva."},"content":{"rendered":"<p>Na ter\u00e7a-feira (23\/07) o Prefeito Jorge Pontes acompanhado do Deputado Estadual Bira Cor\u00f4a, do Vice-prefeito Alexandre Leite, do Presidente da C\u00e2mara de Vereadores Luciano Monteiro, do vereador Fabiano Vad\u00e3o, Secret\u00e1rios e funcion\u00e1rios, participaram de uma missa comemorativa na Igreja Nossa Senhora da Concei\u00e7\u00e3o presidida pelo p\u00e1roco do munic\u00edpio.<\/p>\n<p><a href=\"http:\/\/www.maisbn.com\/portal\/wp-content\/uploads\/2013\/07\/jorgepontes.jpg\"><img loading=\"lazy\" decoding=\"async\" class=\"size-full wp-image-3251 aligncenter\" alt=\"jorgepontes\" src=\"http:\/\/www.maisbn.com\/portal\/wp-content\/uploads\/2013\/07\/jorgepontes.jpg\" width=\"650\" height=\"412\" srcset=\"https:\/\/www.maisbn.com\/portal\/wp-content\/uploads\/2013\/07\/jorgepontes.jpg 650w, https:\/\/www.maisbn.com\/portal\/wp-content\/uploads\/2013\/07\/jorgepontes-552x350.jpg 552w, https:\/\/www.maisbn.com\/portal\/wp-content\/uploads\/2013\/07\/jorgepontes-500x316.jpg 500w\" sizes=\"auto, (max-width: 650px) 100vw, 650px\" \/><\/a><br \/>\nAo final da missa, o padre concedeu a palavra ao prefeito municipal, Jorge Pontes(PT), que fez um breve resumo da trajet\u00f3ria da cidade, agradeceu a todos que, de alguma forma, ajudaram a cidade no seu desenvolvimento e enfatizou que responde as cr\u00edticas \u00e0 sua administra\u00e7\u00e3o com trabalho e enumerou v\u00e1rios investimentos e realiza\u00e7\u00f5es em todas as \u00e1reas do seu governo.<\/p>\n<p>Logo ap\u00f3s \u00e0 missa a comunidade foi agraciada com a apresenta\u00e7\u00e3o das fanfarras do munic\u00edpio e do grupos do CRAS. Em seguida, o prefeito Jorge Pontes acompanhado pelo deputado e toda a sua comitiva visitaram um conjunto de obras que est\u00e3o sendo realizadas na cidade como cal\u00e7amento, pavimenta\u00e7\u00f5es e a constru\u00e7\u00e3o de mais duas unidades para o Programa de Sa\u00fade da Fam\u00edlia.<\/p>\n<p>Para o deputado Bira Cor\u00f4a, Santa Cruz Cabr\u00e1lia tem muito a comemorar pela sua import\u00e2ncia hist\u00f3rica e miscigena\u00e7\u00e3o: \u201cTenho uma identidade muito forte com este povo. Cabr\u00e1lia \u00e9, sem d\u00favida, a cidade mais importante para o Brasil no que tange a hist\u00f3ria e a mem\u00f3ria deste pa\u00eds. \u00c9 um munic\u00edpio que tem a maior popula\u00e7\u00e3o ind\u00edgena do nordeste e um das maiores do Brasil,\u201d pontuou.<\/p>\n<p><a href=\"http:\/\/www.maisbn.com\/portal\/wp-content\/uploads\/2013\/07\/inauguracao.jpg\"><img loading=\"lazy\" decoding=\"async\" class=\"size-full wp-image-3252 aligncenter\" alt=\"inauguracao\" src=\"http:\/\/www.maisbn.com\/portal\/wp-content\/uploads\/2013\/07\/inauguracao.jpg\" width=\"650\" height=\"412\" srcset=\"https:\/\/www.maisbn.com\/portal\/wp-content\/uploads\/2013\/07\/inauguracao.jpg 650w, https:\/\/www.maisbn.com\/portal\/wp-content\/uploads\/2013\/07\/inauguracao-552x350.jpg 552w, https:\/\/www.maisbn.com\/portal\/wp-content\/uploads\/2013\/07\/inauguracao-500x316.jpg 500w\" sizes=\"auto, (max-width: 650px) 100vw, 650px\" \/><\/a><\/p>\n<p>Depois desse grande relato finalizamos essa grande cobertura feita por nossa equipe que mostrou quem \u00e9 o povo de Santa Cruz Cabr\u00e1lia. Essa gente bonita que sabe o que quer e que n\u00e3o tem medo de lutar por um futuro melhor. O povo e toda a administra\u00e7\u00e3o municipal sob o comando do prefeito Jorge Pontes est\u00e1 de parab\u00e9ns por ter realizado uma festa bonita e especial que marcou os 180 anos de luta e gl\u00f3ria desta pequena, mas valente cidade.<\/p>\n<p>Terminamos tamb\u00e9m agradecendo a todos os artistas, todos os profissionais envolvidos nesta folia e ao Prefeito Jorge Pontes por ter nos proporcionado esta grande parceria. Tamb\u00e9m quer\u00edamos agradecer ao Sgt. Fran\u00e7a e a sua esposa L\u00e9ia Monteiro pelo apoio dado \u00e0 nossa equipe. Tamb\u00e9m deixamos o nosso agradecimento ao Sr. Fernando que proporcionou toda a estrutura para a realiza\u00e7\u00e3o deste trabalho. Estamos orgulhosos por registrar essa festa t\u00e3o bonita e pela confian\u00e7a deste povo guerreiro de nos autorizar a mostrar os seus momentos de alegria e descontra\u00e7\u00e3o.<\/p>\n<address>\u00a0<\/address>\n<address>Fotos: Silvano J\u00fanior<\/address>\n<p>&nbsp;<\/p>\n<p><a href=\"http:\/\/www.maisbn.com\/galerias\/244\" target=\"_blank\"><img loading=\"lazy\" decoding=\"async\" class=\"aligncenter\" style=\"border: 0px none;\" alt=\"\" src=\"http:\/\/www.belmontenews.com\/imagensFCK\/image\/galeria_fotos.gif\" width=\"200\" height=\"169\" border=\"0\" \/><\/a><\/p>\n<p>&nbsp;<\/p>\n<p>&nbsp;<\/p>\n","protected":false},"excerpt":{"rendered":"<p>Na ter\u00e7a-feira (23\/07) o Prefeito Jorge Pontes acompanhado do Deputado Estadual Bira Cor\u00f4a, do Vice-prefeito Alexandre Leite, do Presidente da C\u00e2mara de Vereadores Luciano Monteiro, do vereador Fabiano Vad\u00e3o, Secret\u00e1rios e funcion\u00e1rios, participaram de uma missa comemorativa na Igreja Nossa Senhora da Concei\u00e7\u00e3o presidida pelo p\u00e1roco do munic\u00edpio. Ao final da missa, o padre concedeu [&hellip;]<\/p>\n","protected":false},"author":1,"featured_media":0,"comment_status":"closed","ping_status":"open","sticky":false,"template":"","format":"standard","meta":{"footnotes":""},"categories":[45,1],"tags":[397,396],"class_list":["post-3249","post","type-post","status-publish","format-standard","hentry","category-cidades","category-noticias","tag-aniversario-de-santa-cruz-cabralia-2013","tag-aniversario-santa-cruz-cabralia"],"_links":{"self":[{"href":"https:\/\/www.maisbn.com\/portal\/wp-json\/wp\/v2\/posts\/3249","targetHints":{"allow":["GET"]}}],"collection":[{"href":"https:\/\/www.maisbn.com\/portal\/wp-json\/wp\/v2\/posts"}],"about":[{"href":"https:\/\/www.maisbn.com\/portal\/wp-json\/wp\/v2\/types\/post"}],"author":[{"embeddable":true,"href":"https:\/\/www.maisbn.com\/portal\/wp-json\/wp\/v2\/users\/1"}],"replies":[{"embeddable":true,"href":"https:\/\/www.maisbn.com\/portal\/wp-json\/wp\/v2\/comments?post=3249"}],"version-history":[{"count":0,"href":"https:\/\/www.maisbn.com\/portal\/wp-json\/wp\/v2\/posts\/3249\/revisions"}],"wp:attachment":[{"href":"https:\/\/www.maisbn.com\/portal\/wp-json\/wp\/v2\/media?parent=3249"}],"wp:term":[{"taxonomy":"category","embeddable":true,"href":"https:\/\/www.maisbn.com\/portal\/wp-json\/wp\/v2\/categories?post=3249"},{"taxonomy":"post_tag","embeddable":true,"href":"https:\/\/www.maisbn.com\/portal\/wp-json\/wp\/v2\/tags?post=3249"}],"curies":[{"name":"wp","href":"https:\/\/api.w.org\/{rel}","templated":true}]}}