{"id":3238,"date":"2013-07-22T21:18:00","date_gmt":"2013-07-23T00:18:00","guid":{"rendered":"http:\/\/www.maisbn.com\/portal\/?p=3238"},"modified":"2013-07-24T12:29:47","modified_gmt":"2013-07-24T15:29:47","slug":"aniversario-de-santa-cruz-cabralia-muitos-motivos-para-comemorar","status":"publish","type":"post","link":"https:\/\/www.maisbn.com\/portal\/2013\/07\/aniversario-de-santa-cruz-cabralia-muitos-motivos-para-comemorar\/","title":{"rendered":"Anivers\u00e1rio de Santa Cruz Cabr\u00e1lia, muitos motivos para comemorar."},"content":{"rendered":"<p>Santa Cruz Cabr\u00e1lia est\u00e1 em festa e o motivo da comemora\u00e7\u00e3o s\u00e3o os seus 180 anos de Emancipa\u00e7\u00e3o pol\u00edtica. Diante dessa comemora\u00e7\u00e3o n\u00e3o podemos deixar de citar a coragem e a consci\u00eancia pol\u00edtica dessa popula\u00e7\u00e3o guerreira durante esses anos todos, principalmente nos tempos atuais. N\u00e3o podemos negar que a popula\u00e7\u00e3o desta cidade mostrou que sabe o que quer e que \u00e9 um povo de atitude e que tem todos os motivos para comemorar. Entre os v\u00e1rios exemplos que podem ser citados de lutas podemos relembrar a guinada pol\u00edtica. Naquele tempo o povo preferiu a mudan\u00e7a e tirou a fam\u00edlia Pinto do poder e colocou o PT, sob o comando do prefeito Jorge Pontes.\u00a0 Outro exemplo de consci\u00eancia pol\u00edtica foi a cobran\u00e7a de toda a popula\u00e7\u00e3o por mais seguran\u00e7a que lotou o plen\u00e1rio da C\u00e2mara de Vereadores. Nesta reuni\u00e3o foram mostradas as dificuldades do policiamento e o povo se uniu com o poder p\u00fablico para buscar solu\u00e7\u00f5es para esse grande problema que assola a Costa do Descobrimento. Presenciamos um fato dif\u00edcil de acontecer, j\u00e1 que, a popula\u00e7\u00e3o da Costa do Descobrimento n\u00e3o tem um hist\u00f3rico de protestos e reinvindica\u00e7\u00f5es e os poucos eventos que acontecem s\u00e3o de origem eleitoreira e por pura politicagem. Nesta reuni\u00e3o vimos que todos os pol\u00edticos e a popula\u00e7\u00e3o estavam focados em resolver o problema da viol\u00eancia na cidade. O nome disso \u00e9 sintonia entre o povo e seus governantes.<\/p>\n<p><a href=\"http:\/\/www.maisbn.com\/portal\/wp-content\/uploads\/2013\/07\/multidao.jpg\"><img loading=\"lazy\" decoding=\"async\" class=\"size-full wp-image-3239 aligncenter\" alt=\"multidao\" src=\"http:\/\/www.maisbn.com\/portal\/wp-content\/uploads\/2013\/07\/multidao.jpg\" width=\"650\" height=\"412\" srcset=\"https:\/\/www.maisbn.com\/portal\/wp-content\/uploads\/2013\/07\/multidao.jpg 650w, https:\/\/www.maisbn.com\/portal\/wp-content\/uploads\/2013\/07\/multidao-552x350.jpg 552w, https:\/\/www.maisbn.com\/portal\/wp-content\/uploads\/2013\/07\/multidao-500x316.jpg 500w\" sizes=\"auto, (max-width: 650px) 100vw, 650px\" \/><\/a><\/p>\n<p>Por \u00faltimo o povo de Santa Cruz Cabr\u00e1lia mostrou mais uma vez que tem for\u00e7a e fechou a BR-367 protestando contra a maior for\u00e7a pol\u00edtica, empresarial e econ\u00f4mica do extremo sul da Bahia que \u00e9 a empresa Brasileiro. A popula\u00e7\u00e3o fechou a pista por v\u00e1rias vezes e a Brasileiro se viu obrigada a sucumbir \u00e0s reivindica\u00e7\u00f5es dos moradores tendo que reduzir a passagem dos absurdos R$ 4,40 para o patamar\u00a0 R$ 4,10, sem contar que houve redu\u00e7\u00f5es de pre\u00e7os nas passagens\u00a0 dentro do munic\u00edpio de R$ 2,00 para R$ 1,50. Esse feito \u201cnunca antes na hist\u00f3ria desse pa\u00eds\u201d tinha acontecido na regi\u00e3o onde a empresa Brasileiro atua e imp\u00f5e tarifas car\u00edssimas que n\u00e3o correspondem aos p\u00e9ssimos servi\u00e7os que presta. A Brasileiro estava costumada com a historia de \u201cpovo carneiro\u201d que aceita todos os desmandos calado e achando que est\u00e1 tudo bem.<a href=\"http:\/\/www.maisbn.com\/portal\/wp-content\/uploads\/2013\/07\/cabralia_aniversario2013.jpg\"><img loading=\"lazy\" decoding=\"async\" class=\"alignright size-full wp-image-3240\" alt=\"cabralia_aniversario2013\" src=\"http:\/\/www.maisbn.com\/portal\/wp-content\/uploads\/2013\/07\/cabralia_aniversario2013.jpg\" width=\"472\" height=\"249\" \/><\/a><\/p>\n<p>Diante do grande hist\u00f3rico de lutas pol\u00edticas, econ\u00f4micas e sociais o povo s\u00f3 tinha que comemorar\u00a0 e a festa aconteceu em grande estilo nesta primeira noite do dia 21\/07. A anima\u00e7\u00e3o ficou por conta do Trio da Huanna, o grande \u00edcone do arrocha que vem conquistando o Brasil. \u00c9 imposs\u00edvel n\u00e3o se balan\u00e7ar sob o comando da voz inconfund\u00edvel do vocalista Luizinho. Resumindo tudo: O sistema do Trio da Huanna com certeza \u00e9 bruto.<\/p>\n<p>Tamb\u00e9m tivemos na festa o grande fen\u00f4meno musical que t\u00e1 mostrando que chegou pra ficar. Estamos falando da Banda O Komando que arrasou no carnaval de Porto Seguro, arrasou na Festa do Carmo em Belmonte e n\u00e3o deixou por menos nesta noite tamb\u00e9m e os acordes da inconfund\u00edvel voz do vocalista Acson Ferreira ecoaram por toda a Santa Cruz Cabr\u00e1lia fazendo a galera viajar no mundo sedutor, irreverente e rom\u00e2ntico do arrocha.<\/p>\n<p>Outro grande nome da noite foi a banda W-10 que seguiu a mesma qualidade de som das outras atra\u00e7\u00f5es deixando a noite em um grande clima de anima\u00e7\u00e3o e festa.<\/p>\n<p>Mas as comemora\u00e7\u00f5es ainda n\u00e3o acabaram e continuam ainda hoje (22\/07), onde est\u00e1 previsto acontecer a Grande Marcha pra Jesus que contar\u00e1 com um grande n\u00famero de crist\u00e3os para abalar as estruturas da cidade. Entre as v\u00e1rias atra\u00e7\u00f5es previstas para essa grande noite de louvor ao senhor est\u00e1 a apresenta\u00e7\u00e3o do vocalista Pierre Onassis que foi um grande \u00edcone no mundo do ax\u00e9 music e hoje desponta como um dos principais cantores evang\u00e9licos da atualidade.<\/p>\n<p><a href=\"http:\/\/www.maisbn.com\/portal\/wp-content\/uploads\/2013\/07\/Triodahuanna.jpg\"><img loading=\"lazy\" decoding=\"async\" class=\"size-full wp-image-3241 aligncenter\" alt=\"Triodahuanna\" src=\"http:\/\/www.maisbn.com\/portal\/wp-content\/uploads\/2013\/07\/Triodahuanna.jpg\" width=\"650\" height=\"412\" srcset=\"https:\/\/www.maisbn.com\/portal\/wp-content\/uploads\/2013\/07\/Triodahuanna.jpg 650w, https:\/\/www.maisbn.com\/portal\/wp-content\/uploads\/2013\/07\/Triodahuanna-552x350.jpg 552w, https:\/\/www.maisbn.com\/portal\/wp-content\/uploads\/2013\/07\/Triodahuanna-500x316.jpg 500w\" sizes=\"auto, (max-width: 650px) 100vw, 650px\" \/><\/a><\/p>\n<p>A Prefeitura Municipal de Santa Cruz Cabr\u00e1lia, sob o comando do prefeito Jorge Pontes, est\u00e1 de parab\u00e9ns por esse magn\u00edfico evento. A organiza\u00e7\u00e3o est\u00e1 impec\u00e1vel , o apoio aos meios de comunica\u00e7\u00e3o que est\u00e3o cobrindo a festa est\u00e1 excelente e com uma grande qualidade.<\/p>\n<p><a href=\"http:\/\/www.maisbn.com\/portal\/wp-content\/uploads\/2013\/07\/2.jpg\"><img loading=\"lazy\" decoding=\"async\" class=\"alignleft  wp-image-3242\" alt=\"2\" src=\"http:\/\/www.maisbn.com\/portal\/wp-content\/uploads\/2013\/07\/2.jpg\" width=\"455\" height=\"288\" srcset=\"https:\/\/www.maisbn.com\/portal\/wp-content\/uploads\/2013\/07\/2.jpg 650w, https:\/\/www.maisbn.com\/portal\/wp-content\/uploads\/2013\/07\/2-552x350.jpg 552w, https:\/\/www.maisbn.com\/portal\/wp-content\/uploads\/2013\/07\/2-500x316.jpg 500w\" sizes=\"auto, (max-width: 455px) 100vw, 455px\" \/><\/a><\/p>\n<p>Terminamos essa primeira noite de cobertura agradecendo ao Prefeito Jorge Pontes por confiar em nosso trabalho. Agradecemos tamb\u00e9m ao Sgt. Fran\u00e7a e a L\u00e9ia Monteiro pela for\u00e7a e pelo carinho com nossa equipe. Tamb\u00e9m n\u00e3o podemos deixar de agradecer ao grande Fernando que nos ajudou na instala\u00e7\u00e3o da equipe e nos proporcionou todos os meios para que essa grande cobertura seja realizada com sucesso. E, por fim, agradecemos \u00e0 popula\u00e7\u00e3o de Santa Cruz Cabr\u00e1lia por nos permitir registrar os seus momentos de descontra\u00e7\u00e3o e alegria.<\/p>\n<p>&nbsp;<\/p>\n<p>&nbsp;<\/p>\n<p>&nbsp;<\/p>\n<p>&nbsp;<\/p>\n<p><a href=\"http:\/\/www.maisbn.com\/galerias\/241\" target=\"_blank\"><img loading=\"lazy\" decoding=\"async\" class=\"alignnone\" style=\"border: 0px none;\" alt=\"\" src=\"http:\/\/www.belmontenews.com\/imagensFCK\/image\/galeria_fotos.gif\" width=\"200\" height=\"169\" border=\"0\" \/><\/a><\/p>\n<p>&nbsp;<\/p>\n<p>&nbsp;<\/p>\n","protected":false},"excerpt":{"rendered":"<p>Santa Cruz Cabr\u00e1lia est\u00e1 em festa e o motivo da comemora\u00e7\u00e3o s\u00e3o os seus 180 anos de Emancipa\u00e7\u00e3o pol\u00edtica. Diante dessa comemora\u00e7\u00e3o n\u00e3o podemos deixar de citar a coragem e a consci\u00eancia pol\u00edtica dessa popula\u00e7\u00e3o guerreira durante esses anos todos, principalmente nos tempos atuais. N\u00e3o podemos negar que a popula\u00e7\u00e3o desta cidade mostrou que sabe [&hellip;]<\/p>\n","protected":false},"author":1,"featured_media":0,"comment_status":"closed","ping_status":"open","sticky":false,"template":"","format":"standard","meta":{"footnotes":""},"categories":[1],"tags":[396,91],"class_list":["post-3238","post","type-post","status-publish","format-standard","hentry","category-noticias","tag-aniversario-santa-cruz-cabralia","tag-santa-cruz-cabralia"],"_links":{"self":[{"href":"https:\/\/www.maisbn.com\/portal\/wp-json\/wp\/v2\/posts\/3238","targetHints":{"allow":["GET"]}}],"collection":[{"href":"https:\/\/www.maisbn.com\/portal\/wp-json\/wp\/v2\/posts"}],"about":[{"href":"https:\/\/www.maisbn.com\/portal\/wp-json\/wp\/v2\/types\/post"}],"author":[{"embeddable":true,"href":"https:\/\/www.maisbn.com\/portal\/wp-json\/wp\/v2\/users\/1"}],"replies":[{"embeddable":true,"href":"https:\/\/www.maisbn.com\/portal\/wp-json\/wp\/v2\/comments?post=3238"}],"version-history":[{"count":0,"href":"https:\/\/www.maisbn.com\/portal\/wp-json\/wp\/v2\/posts\/3238\/revisions"}],"wp:attachment":[{"href":"https:\/\/www.maisbn.com\/portal\/wp-json\/wp\/v2\/media?parent=3238"}],"wp:term":[{"taxonomy":"category","embeddable":true,"href":"https:\/\/www.maisbn.com\/portal\/wp-json\/wp\/v2\/categories?post=3238"},{"taxonomy":"post_tag","embeddable":true,"href":"https:\/\/www.maisbn.com\/portal\/wp-json\/wp\/v2\/tags?post=3238"}],"curies":[{"name":"wp","href":"https:\/\/api.w.org\/{rel}","templated":true}]}}