{"id":3230,"date":"2013-07-20T16:45:38","date_gmt":"2013-07-20T19:45:38","guid":{"rendered":"http:\/\/www.maisbn.com\/portal\/?p=3230"},"modified":"2013-07-20T16:45:38","modified_gmt":"2013-07-20T19:45:38","slug":"procissao-de-sao-vicente-percorreu-varias-ruas-de-belmonte","status":"publish","type":"post","link":"https:\/\/www.maisbn.com\/portal\/2013\/07\/procissao-de-sao-vicente-percorreu-varias-ruas-de-belmonte\/","title":{"rendered":"Prociss\u00e3o de S\u00e3o Vicente percorreu v\u00e1rias ruas de Belmonte."},"content":{"rendered":"<p><a href=\"http:\/\/www.maisbn.com\/portal\/wp-content\/uploads\/2013\/07\/saovicentedepaula.jpg\"><img loading=\"lazy\" decoding=\"async\" class=\"size-full wp-image-3231 aligncenter\" alt=\"saovicentedepaula\" src=\"http:\/\/www.maisbn.com\/portal\/wp-content\/uploads\/2013\/07\/saovicentedepaula.jpg\" width=\"650\" height=\"412\" srcset=\"https:\/\/www.maisbn.com\/portal\/wp-content\/uploads\/2013\/07\/saovicentedepaula.jpg 650w, https:\/\/www.maisbn.com\/portal\/wp-content\/uploads\/2013\/07\/saovicentedepaula-552x350.jpg 552w, https:\/\/www.maisbn.com\/portal\/wp-content\/uploads\/2013\/07\/saovicentedepaula-500x316.jpg 500w\" sizes=\"auto, (max-width: 650px) 100vw, 650px\" \/><\/a><\/p>\n<p>Este ano foi um pouco diferente, o cortejo conduziu apenas as imagens de Nossa Senhora do Carmo e S\u00e3o Vicente em seus andores, circulou pelas v\u00e1rias ruas da cidade, tendo \u00e0 frente o Frei Denilson, um novo baluarte no comando da par\u00f3quia local, pois vem realizando um trabalho dentro da religiosidade de toda a comunidade, buscando minimizar as diferen\u00e7as entre as religi\u00f5es, apontando sempre o caminho da uni\u00e3o, esclarecendo que n\u00e3o importa em qual igreja professemos nossa f\u00e9, mas sim, busquemos sempre em nossas ora\u00e7\u00f5es, a comunh\u00e3o com o Ser Supremo.<\/p>\n<p>Existe entre os cat\u00f3licos uma suposta distin\u00e7\u00e3o, na qual N. S. do Carmo \u00e9 a protetora da elite enquanto que S. Vicente o guardi\u00e3o dos pobres. Mas para quem presenciou, acompanhando o noven\u00e1rio da Santa, percebeu que \u00e9 inver\u00eddica, pois em ambas as prociss\u00f5es, o n\u00famero de fi\u00e9is teve o mesmo quilate, confirmando ter o povo belmontense, um esp\u00edrito altamente religioso, independente de quem seja o cultuado.<\/p>\n<p><a href=\"http:\/\/www.maisbn.com\/portal\/wp-content\/uploads\/2013\/07\/saovicentedepaula2.jpg\"><img loading=\"lazy\" decoding=\"async\" class=\"size-full wp-image-3232 aligncenter\" alt=\"saovicentedepaula2\" src=\"http:\/\/www.maisbn.com\/portal\/wp-content\/uploads\/2013\/07\/saovicentedepaula2.jpg\" width=\"650\" height=\"412\" srcset=\"https:\/\/www.maisbn.com\/portal\/wp-content\/uploads\/2013\/07\/saovicentedepaula2.jpg 650w, https:\/\/www.maisbn.com\/portal\/wp-content\/uploads\/2013\/07\/saovicentedepaula2-552x350.jpg 552w, https:\/\/www.maisbn.com\/portal\/wp-content\/uploads\/2013\/07\/saovicentedepaula2-500x316.jpg 500w\" sizes=\"auto, (max-width: 650px) 100vw, 650px\" \/><\/a><\/p>\n<p>Nos seus louvores, belmontenses e visitantes fazem quest\u00e3o de mostrar ao mundo que a f\u00e9 \u00e9 o suporte para o consolo nos momentos mais dif\u00edceis em suas vidas, pois em agradecimento pelas b\u00ean\u00e7\u00e3os recebidas, d\u00e3o-se em sacrif\u00edcios dos mais variados modos. Ao final o Frei Denilson agradeceu a todos que contribu\u00edram para a reforma do Asilo S\u00e3o Vicente, e em especial lembrou do saudoso Gomador e de Jo\u00e3o Lila, duas personalidades que muito contribu\u00edram para nosso munic\u00edpio.<\/p>\n<p>Texto: Jornal de Belmonte<\/p>\n<p>Fotos: Silvano Jr.<\/p>\n<p>&nbsp;<\/p>\n<p>&nbsp;<\/p>\n<p><a href=\"http:\/\/www.maisbn.com\/galerias\/240\" target=\"_blank\"><img loading=\"lazy\" decoding=\"async\" style=\"border: 0px none;\" alt=\"\" src=\"http:\/\/www.belmontenews.com\/imagensFCK\/image\/galeria_fotos.gif\" width=\"200\" height=\"169\" border=\"0\" \/><\/a><\/p>\n<p>&nbsp;<\/p>\n<p>&nbsp;<\/p>\n<p>&nbsp;<\/p>\n","protected":false},"excerpt":{"rendered":"<p>Este ano foi um pouco diferente, o cortejo conduziu apenas as imagens de Nossa Senhora do Carmo e S\u00e3o Vicente em seus andores, circulou pelas v\u00e1rias ruas da cidade, tendo \u00e0 frente o Frei Denilson, um novo baluarte no comando da par\u00f3quia local, pois vem realizando um trabalho dentro da religiosidade de toda a comunidade, [&hellip;]<\/p>\n","protected":false},"author":1,"featured_media":0,"comment_status":"closed","ping_status":"open","sticky":false,"template":"","format":"standard","meta":{"footnotes":""},"categories":[45,1],"tags":[44,124],"class_list":["post-3230","post","type-post","status-publish","format-standard","hentry","category-cidades","category-noticias","tag-belmonte-ba","tag-sao-vicente-de-paula"],"_links":{"self":[{"href":"https:\/\/www.maisbn.com\/portal\/wp-json\/wp\/v2\/posts\/3230","targetHints":{"allow":["GET"]}}],"collection":[{"href":"https:\/\/www.maisbn.com\/portal\/wp-json\/wp\/v2\/posts"}],"about":[{"href":"https:\/\/www.maisbn.com\/portal\/wp-json\/wp\/v2\/types\/post"}],"author":[{"embeddable":true,"href":"https:\/\/www.maisbn.com\/portal\/wp-json\/wp\/v2\/users\/1"}],"replies":[{"embeddable":true,"href":"https:\/\/www.maisbn.com\/portal\/wp-json\/wp\/v2\/comments?post=3230"}],"version-history":[{"count":0,"href":"https:\/\/www.maisbn.com\/portal\/wp-json\/wp\/v2\/posts\/3230\/revisions"}],"wp:attachment":[{"href":"https:\/\/www.maisbn.com\/portal\/wp-json\/wp\/v2\/media?parent=3230"}],"wp:term":[{"taxonomy":"category","embeddable":true,"href":"https:\/\/www.maisbn.com\/portal\/wp-json\/wp\/v2\/categories?post=3230"},{"taxonomy":"post_tag","embeddable":true,"href":"https:\/\/www.maisbn.com\/portal\/wp-json\/wp\/v2\/tags?post=3230"}],"curies":[{"name":"wp","href":"https:\/\/api.w.org\/{rel}","templated":true}]}}