{"id":3155,"date":"2013-07-07T20:22:54","date_gmt":"2013-07-07T23:22:54","guid":{"rendered":"http:\/\/www.maisbn.com\/portal\/?p=3155"},"modified":"2013-07-07T20:22:54","modified_gmt":"2013-07-07T23:22:54","slug":"alvorada-e-passeata-marcaram-o-inicio-das-festividades-em-homenagem-nossa-senhora-do-carmo","status":"publish","type":"post","link":"https:\/\/www.maisbn.com\/portal\/2013\/07\/alvorada-e-passeata-marcaram-o-inicio-das-festividades-em-homenagem-nossa-senhora-do-carmo\/","title":{"rendered":"Alvorada e passeata marcaram o in\u00edcio das festividades em homenagem Nossa Senhora do Carmo."},"content":{"rendered":"<p>Hoje (07-07), teve inicio os festejos em homenagem a padroeira de Belmonte, Nossa Senhora do Carmo. Tradi\u00e7\u00e3o na cidade, a festa re\u00fane devotos de todos os cantos do Brasil que chegam a cidade para acompanhar as novenas e celebra\u00e7\u00f5es que s\u00e3o realizadas na Igreja da Matriz nesse per\u00edodo.<\/p>\n<p><a href=\"http:\/\/www.maisbn.com\/portal\/wp-content\/uploads\/2013\/07\/docarmo2013_060.jpg\"><img loading=\"lazy\" decoding=\"async\" class=\"size-full wp-image-3156 aligncenter\" alt=\"docarmo2013_060\" src=\"http:\/\/www.maisbn.com\/portal\/wp-content\/uploads\/2013\/07\/docarmo2013_060.jpg\" width=\"652\" height=\"412\" srcset=\"https:\/\/www.maisbn.com\/portal\/wp-content\/uploads\/2013\/07\/docarmo2013_060.jpg 652w, https:\/\/www.maisbn.com\/portal\/wp-content\/uploads\/2013\/07\/docarmo2013_060-553x350.jpg 553w, https:\/\/www.maisbn.com\/portal\/wp-content\/uploads\/2013\/07\/docarmo2013_060-500x315.jpg 500w\" sizes=\"auto, (max-width: 652px) 100vw, 652px\" \/><\/a><\/p>\n<p>Marcando a abertura da festa, ainda na madrugada a Filarm\u00f4nica Lira Popular de Belmonte saiu \u00e0s ruas em alvorada convidando a todos a participar da festa. Mais tarde cat\u00f3licos organizaram um grande cortejo que percorreu v\u00e1rias ruas da cidade juntamente com a imagem da Santa anunciando o inicio dos festejos que durar\u00e3o at\u00e9 o dia 16-07.<\/p>\n<p>&nbsp;<\/p>\n<p>&nbsp;<\/p>\n<p><a href=\"http:\/\/www.maisbn.com\/galerias\/234\" target=\"_blank\"><img loading=\"lazy\" decoding=\"async\" style=\"border: 0px none;\" alt=\"\" src=\"http:\/\/www.belmontenews.com\/imagensFCK\/image\/galeria_fotos.gif\" width=\"200\" height=\"169\" border=\"0\" \/><\/a><\/p>\n<p>&nbsp;<\/p>\n<p>&nbsp;<\/p>\n","protected":false},"excerpt":{"rendered":"<p>Hoje (07-07), teve inicio os festejos em homenagem a padroeira de Belmonte, Nossa Senhora do Carmo. Tradi\u00e7\u00e3o na cidade, a festa re\u00fane devotos de todos os cantos do Brasil que chegam a cidade para acompanhar as novenas e celebra\u00e7\u00f5es que s\u00e3o realizadas na Igreja da Matriz nesse per\u00edodo. Marcando a abertura da festa, ainda na [&hellip;]<\/p>\n","protected":false},"author":1,"featured_media":0,"comment_status":"closed","ping_status":"open","sticky":false,"template":"","format":"standard","meta":{"footnotes":""},"categories":[45,1],"tags":[88],"class_list":["post-3155","post","type-post","status-publish","format-standard","hentry","category-cidades","category-noticias","tag-festa-do-carmo"],"_links":{"self":[{"href":"https:\/\/www.maisbn.com\/portal\/wp-json\/wp\/v2\/posts\/3155","targetHints":{"allow":["GET"]}}],"collection":[{"href":"https:\/\/www.maisbn.com\/portal\/wp-json\/wp\/v2\/posts"}],"about":[{"href":"https:\/\/www.maisbn.com\/portal\/wp-json\/wp\/v2\/types\/post"}],"author":[{"embeddable":true,"href":"https:\/\/www.maisbn.com\/portal\/wp-json\/wp\/v2\/users\/1"}],"replies":[{"embeddable":true,"href":"https:\/\/www.maisbn.com\/portal\/wp-json\/wp\/v2\/comments?post=3155"}],"version-history":[{"count":0,"href":"https:\/\/www.maisbn.com\/portal\/wp-json\/wp\/v2\/posts\/3155\/revisions"}],"wp:attachment":[{"href":"https:\/\/www.maisbn.com\/portal\/wp-json\/wp\/v2\/media?parent=3155"}],"wp:term":[{"taxonomy":"category","embeddable":true,"href":"https:\/\/www.maisbn.com\/portal\/wp-json\/wp\/v2\/categories?post=3155"},{"taxonomy":"post_tag","embeddable":true,"href":"https:\/\/www.maisbn.com\/portal\/wp-json\/wp\/v2\/tags?post=3155"}],"curies":[{"name":"wp","href":"https:\/\/api.w.org\/{rel}","templated":true}]}}