{"id":3128,"date":"2013-06-25T18:52:06","date_gmt":"2013-06-25T21:52:06","guid":{"rendered":"http:\/\/www.maisbn.com\/portal\/?p=3128"},"modified":"2013-06-25T18:52:06","modified_gmt":"2013-06-25T21:52:06","slug":"veracel-divulga-relatorio-de-sustentabilidade-2012","status":"publish","type":"post","link":"https:\/\/www.maisbn.com\/portal\/2013\/06\/veracel-divulga-relatorio-de-sustentabilidade-2012\/","title":{"rendered":"Veracel divulga relat\u00f3rio de sustentabilidade 2012"},"content":{"rendered":"<p style=\"text-align: left;\">J\u00e1 est\u00e1 dispon\u00edvel o Relat\u00f3rio de Sustentabilidade 2012 da Veracel Celulose.<\/p>\n<p>Neste documento, a empresa apresenta o desempenho social, ambiental e econ\u00f4mico das atividades desenvolvidas no ano passado e suas estrat\u00e9gias e estrutura de governan\u00e7a corporativa, al\u00e9m dos principais desafios e oportunidades enfrentados na busca pela consolida\u00e7\u00e3o de sua atua\u00e7\u00e3o e contribui\u00e7\u00e3o para o desenvolvimento regional.<br \/>\n<a href=\"http:\/\/www.maisbn.com\/portal\/wp-content\/uploads\/2013\/06\/veracelase.jpg\"><img loading=\"lazy\" decoding=\"async\" class=\"size-full wp-image-3129 aligncenter\" alt=\"veracelase\" src=\"http:\/\/www.maisbn.com\/portal\/wp-content\/uploads\/2013\/06\/veracelase.jpg\" width=\"640\" height=\"428\" srcset=\"https:\/\/www.maisbn.com\/portal\/wp-content\/uploads\/2013\/06\/veracelase.jpg 640w, https:\/\/www.maisbn.com\/portal\/wp-content\/uploads\/2013\/06\/veracelase-523x350.jpg 523w, https:\/\/www.maisbn.com\/portal\/wp-content\/uploads\/2013\/06\/veracelase-500x334.jpg 500w\" sizes=\"auto, (max-width: 640px) 100vw, 640px\" \/><\/a><\/p>\n<p style=\"text-align: left;\">De acordo com o diretor presidente da Veracel, Antonio S\u00e9rgio Al\u00edpio, o relat\u00f3rio \u00e9 mais do que um conceito. \u201cO ano de 2012 marcou a hist\u00f3ria da Veracel Celulose por suas conquistas e aprendizados. Buscamos, no dia a dia, por meio das nossas condutas, crescer junto com a regi\u00e3o que escolhemos para desenvolver nosso neg\u00f3cio. Este relat\u00f3rio \u00e9 uma forma de apresentar a todos que, para n\u00f3s da Veracel, a sustentabilidade \u00e9 mais do que um conceito: s\u00e3o valores traduzidos em a\u00e7\u00f5es e atitudes\u201d, destaca Antonio Sergio Alipio.<\/p>\n<p>O Relat\u00f3rio de Sustentabilidade 2012, da Veracel, segue as diretrizes da Global Reporting Initiative (GRI), na vers\u00e3o G3, que constitui o modelo de produ\u00e7\u00e3o de relat\u00f3rios de sustentabilidade mais difundido entre organiza\u00e7\u00f5es em todo o mundo.<\/p>\n<p>O documento tamb\u00e9m passou por uma verifica\u00e7\u00e3o independente pela Bureau Veritas Certification Brasil (Bureau Veritas), abrangendo avalia\u00e7\u00e3o de conte\u00fado, qualidade e limite do mesmo, referente ao ano de 2012. A declara\u00e7\u00e3o com os detalhes e conclus\u00f5es da verifica\u00e7\u00e3o consta da publica\u00e7\u00e3o.<\/p>\n<p>O documento encontra-se dispon\u00edvel,\u00a0<a href=\"http:\/\/www.veracel.com.br\/\" target=\"_blank\">no site da empresa<\/a>, na \u00e1rea sobre a Veracel, no link Transpar\u00eancia =&gt; Relat\u00f3rio de Sustentabilidade.<\/p>\n<p>Os interessados em enviar perguntas, fazer cr\u00edticas ao documento ou encaminhar sugest\u00f5es de temas para o Relat\u00f3rio de Sustentabilidade 2013, basta enviar mensagem pelo Fale Conosco do site\u00a0<a href=\"http:\/\/www.veracel.com.br\/\" target=\"_blank\">www.veracel.com.br<\/a><\/p>\n","protected":false},"excerpt":{"rendered":"<p>J\u00e1 est\u00e1 dispon\u00edvel o Relat\u00f3rio de Sustentabilidade 2012 da Veracel Celulose. Neste documento, a empresa apresenta o desempenho social, ambiental e econ\u00f4mico das atividades desenvolvidas no ano passado e suas estrat\u00e9gias e estrutura de governan\u00e7a corporativa, al\u00e9m dos principais desafios e oportunidades enfrentados na busca pela consolida\u00e7\u00e3o de sua atua\u00e7\u00e3o e contribui\u00e7\u00e3o para o desenvolvimento [&hellip;]<\/p>\n","protected":false},"author":1,"featured_media":0,"comment_status":"closed","ping_status":"open","sticky":false,"template":"","format":"standard","meta":{"footnotes":""},"categories":[29,1],"tags":[30],"class_list":["post-3128","post","type-post","status-publish","format-standard","hentry","category-empreendimentos","category-noticias","tag-veracel"],"_links":{"self":[{"href":"https:\/\/www.maisbn.com\/portal\/wp-json\/wp\/v2\/posts\/3128","targetHints":{"allow":["GET"]}}],"collection":[{"href":"https:\/\/www.maisbn.com\/portal\/wp-json\/wp\/v2\/posts"}],"about":[{"href":"https:\/\/www.maisbn.com\/portal\/wp-json\/wp\/v2\/types\/post"}],"author":[{"embeddable":true,"href":"https:\/\/www.maisbn.com\/portal\/wp-json\/wp\/v2\/users\/1"}],"replies":[{"embeddable":true,"href":"https:\/\/www.maisbn.com\/portal\/wp-json\/wp\/v2\/comments?post=3128"}],"version-history":[{"count":0,"href":"https:\/\/www.maisbn.com\/portal\/wp-json\/wp\/v2\/posts\/3128\/revisions"}],"wp:attachment":[{"href":"https:\/\/www.maisbn.com\/portal\/wp-json\/wp\/v2\/media?parent=3128"}],"wp:term":[{"taxonomy":"category","embeddable":true,"href":"https:\/\/www.maisbn.com\/portal\/wp-json\/wp\/v2\/categories?post=3128"},{"taxonomy":"post_tag","embeddable":true,"href":"https:\/\/www.maisbn.com\/portal\/wp-json\/wp\/v2\/tags?post=3128"}],"curies":[{"name":"wp","href":"https:\/\/api.w.org\/{rel}","templated":true}]}}