{"id":3106,"date":"2013-06-24T08:39:52","date_gmt":"2013-06-24T11:39:52","guid":{"rendered":"http:\/\/www.maisbn.com\/portal\/?p=3106"},"modified":"2013-06-24T13:07:16","modified_gmt":"2013-06-24T16:07:16","slug":"varias-manifestacoes-marcaram-a-costa-do-descobrimento-nos-ultimos-dias","status":"publish","type":"post","link":"https:\/\/www.maisbn.com\/portal\/2013\/06\/varias-manifestacoes-marcaram-a-costa-do-descobrimento-nos-ultimos-dias\/","title":{"rendered":"V\u00e1rias manifesta\u00e7\u00f5es marcaram a Costa do Descobrimento nos \u00faltimos dias."},"content":{"rendered":"<p>Nesta quinta-feira (20\/06), parece que finalmente a Costa do Descobrimento acordou e a popula\u00e7\u00e3o foi para as ruas para exigir provid\u00eancias para que a sa\u00fade, a educa\u00e7\u00e3o, o transporte, entre outros in\u00fameros problemas sejam pelo menos enxergados por nossos governantes que insistem em ficar na corrup\u00e7\u00e3o que tanto impera no pa\u00eds e castiga quem mais precisa.<\/p>\n<p><a href=\"http:\/\/www.maisbn.com\/portal\/wp-content\/uploads\/2013\/06\/manifestacao_04.jpg\"><img loading=\"lazy\" decoding=\"async\" class=\"size-full wp-image-3107 aligncenter\" alt=\"manifestacao_04\" src=\"http:\/\/www.maisbn.com\/portal\/wp-content\/uploads\/2013\/06\/manifestacao_04.jpg\" width=\"652\" height=\"412\" srcset=\"https:\/\/www.maisbn.com\/portal\/wp-content\/uploads\/2013\/06\/manifestacao_04.jpg 652w, https:\/\/www.maisbn.com\/portal\/wp-content\/uploads\/2013\/06\/manifestacao_04-553x350.jpg 553w, https:\/\/www.maisbn.com\/portal\/wp-content\/uploads\/2013\/06\/manifestacao_04-500x315.jpg 500w\" sizes=\"auto, (max-width: 652px) 100vw, 652px\" \/><\/a><\/p>\n<p>Nossa equipe esteve presente no protesto que ocorreu em Santa Cruz Cabr\u00e1lia onde estudantes, \u00edndios e toda a comunidade foram protestar contra ao monop\u00f3lio do Grupo Brasileiro que castiga a popula\u00e7\u00e3o com as suas altas passagens de \u00f4nibus e com os seus p\u00e9ssimos servi\u00e7os prestados \u00e0 comunidade.<\/p>\n<p>A revolta da popula\u00e7\u00e3o come\u00e7ou quando o boato correu por toda a cidade de que a passagem aumentaria dos caros R$ 4,40 para o absurdo de R$ 5,20. Tal fato foi desmentido pela empresa que negou qualquer aumento neste sentido.<\/p>\n<p>Com base nessas informa\u00e7\u00f5es na quarta-feira (19\/06) a popula\u00e7\u00e3o fez um protesto e fechou a BR-367 em Coroa Vermelha causando um engarrafamento enorme.\u00a0 O protesto permaneceu pac\u00edfico e a via foi liberada por volta das 20:00 Hrs da noite.<\/p>\n<p>Na quinta-feira (20\/06) os protestos voltaram a ocorrer. A pista foi fechada primeiro na chegada da sede do munic\u00edpio de Santa Cruz Cabr\u00e1lia onde estudantes fizeram barricadas com\u00a0 galhos de \u00e1rvore para impedir a passagem dos\u00a0 ve\u00edculos. A dire\u00e7\u00e3o da empresa Brasileiro se dirigiu \u00e0 cidade e prop\u00f4s aos manifestantes que formassem uma comiss\u00e3o para irem \u00e0 sede da AGERBA negociarem com o presidente da ag\u00eancia a redu\u00e7\u00e3o da passagem, j\u00e1 que, quem faz os ajustes das passagens intermunicipais \u00e9 o \u00f3rg\u00e3o e n\u00e3o a empresa.\u00a0 A Brasileiro ainda disponibilizou o transporte para levar a comiss\u00e3o at\u00e9 Salvador para a negocia\u00e7\u00e3o. Sobre a situa\u00e7\u00e3o dos idosos impedidos de ter o passe livre na linha da empresa, dos atrasos dos \u00f4nibus e do treinamento dos motoristas e cobradores para que atendam melhor a popula\u00e7\u00e3o, a empresa prometeu efetuar a\u00e7\u00f5es para resolver esses problemas.<a href=\"http:\/\/www.maisbn.com\/portal\/wp-content\/uploads\/2013\/06\/manifestacao_02.jpg\"><img loading=\"lazy\" decoding=\"async\" class=\"alignright  wp-image-3108\" alt=\"manifestacao_02\" src=\"http:\/\/www.maisbn.com\/portal\/wp-content\/uploads\/2013\/06\/manifestacao_02.jpg\" width=\"456\" height=\"288\" srcset=\"https:\/\/www.maisbn.com\/portal\/wp-content\/uploads\/2013\/06\/manifestacao_02.jpg 652w, https:\/\/www.maisbn.com\/portal\/wp-content\/uploads\/2013\/06\/manifestacao_02-553x350.jpg 553w, https:\/\/www.maisbn.com\/portal\/wp-content\/uploads\/2013\/06\/manifestacao_02-500x315.jpg 500w\" sizes=\"auto, (max-width: 456px) 100vw, 456px\" \/><\/a><\/p>\n<p>Mesmo com a negocia\u00e7\u00e3o os manifestantes voltaram para a rua e fecharam mais uma vez a estrada dessa vez na sa\u00edda de Coroa Vermelha para Santa Cruz Cabr\u00e1lia onde os \u00edndios de Coroa Vermelha aderiram ao protesto. A Via desta vez foi fechada com pneus e m\u00f3veis velhos que alimentaram as chamas soltando uma intensa fuma\u00e7a negra durante toda a tarde. Infelizmente v\u00e2ndalos se infiltraram no protesto e destru\u00edram um dos \u00f4nibus da empresa Brasileiro que teve todas as suas janelas quebradas a pedradas. Os \u00edndios expulsaram os v\u00e2ndalos e a Policia Militar entrou em a\u00e7\u00e3o para que os mesmos n\u00e3o ateassem fogo ao ve\u00edculo.<\/p>\n<p>As negocia\u00e7\u00f5es ocorreram durante toda a tarde entre o comando da Policia Militar e os manifestante na inten\u00e7\u00e3o de desbloquear a pista. Mas os manifestantes permaneceram firmes e exigiam a presen\u00e7a de algum representante do poder municipal ou do presidente da C\u00e2mara de Vereadores para a negocia\u00e7\u00e3o. Nem o prefeito Jorge Pontes e nem o Presidente da C\u00e2mara, Luciano Monteiro, foram encontrados. Tamb\u00e9m n\u00e3o apareceu nenhum representante do poder municipal. Com a situa\u00e7\u00e3o o protesto continuou durante todo o dia deixando uma imensa fila de carros por toda a estrada.<\/p>\n<p>Por volta das 23:00 Hrs a depois de mais uma rodada de negocia\u00e7\u00e3o entre o comando da Policia Militar e os manifestantes a pista foi finalmente liberada, mas os manifestantes prometeram fechar novamente a estrada no dia seguinte e boatos correram pela cidade de que a prefeitura seria invadida.<\/p>\n<p>Na sexta-feira (21\/06) a pista mais uma vez foi fechada e os ve\u00edculos est\u00e3o sem passar. A Policia Militar est\u00e1 no local e n\u00e3o h\u00e1 registros de viol\u00eancia nem depreda\u00e7\u00f5es. Parte do comercio de Santa Cruz Cabr\u00e1lia foi fechado, apenas poucas lojas ficaram abertas.<\/p>\n<p>Ainda na sexta-feira por volta das 11:00h da manh\u00e3 representantes do movimento se reuniram na C\u00e2mara de Vereadores de Cabr\u00e1lia e foram recebidos pelo Presidente da C\u00e2mara Luciano Monteiro, com o Vice-prefeito Alexandre Oliveira, al\u00e9m de alguns Secret\u00e1rios.<\/p>\n<p>Durante a reuni\u00e3o foi apresentada uma pauta com as reivindica\u00e7\u00f5es do movimento dentre elas a redu\u00e7\u00e3o da passagem do transporte coletivo, a revis\u00e3o dos valores das passagens da balsa, melhorias na sa\u00fade, saneamento e educa\u00e7\u00e3o.<\/p>\n<p>O representante dos \u00edndios, diferente do que se ouvia pela cidade, deixou bem claro que o movimento n\u00e3o \u00e9 do povo ind\u00edgena, os mesmos s\u00f3 aderiram ao protesto da comunidade.<\/p>\n<p>Durante a reuni\u00e3o pode se notar a insatisfa\u00e7\u00e3o da popula\u00e7\u00e3o em rela\u00e7\u00e3o ao Prefeito Jorge Pontes por o mesmo n\u00e3o ter comparecido para receb\u00ea-los, e segundo eles, o mesmo tem evitando sentar com os lideres da comunidade para discutir as demandas do munic\u00edpio. O Vice Prefeito justificou a aus\u00eancia do Prefeito alegando que o mesmo teme ser agredido por manifestantes mais exaltados.<\/p>\n<p>Ao saber das reivindica\u00e7\u00f5es, rapidamente a Associa\u00e7\u00e3o de Vans que faz a linha Cabr\u00e1lia X Coroa Vermelha anunciou a redu\u00e7\u00e3o da tarifa para R$ 1,50 sem precisar maiores negocia\u00e7\u00f5es e acordos. O representante da Brasileiro prometeu treinar seu pessoal, analisar os hor\u00e1rios de pico e o intervalo de um \u00f4nibus para o outro para se for preciso aumentar a frota al\u00e9m de fixar nos pontos todos os hor\u00e1rios e estampar no para-brisa de toda a frota o valor da passagem. Quanto a redu\u00e7\u00e3o da passagem, segundo a empresa, o valor depende de revis\u00e3o da AGERBA que \u00e9 o \u00f3rg\u00e3o que regula o setor.<\/p>\n<p>&nbsp;<\/p>\n<p>No s\u00e1bado (22-06) novamente a BR-367 foi fechada em Coroa Vermelha e o movimento foi ampliado. A BA-275 que liga Belmonte, Eun\u00e1polis, Santa Cruz Cabr\u00e1lia e Itapebi tamb\u00e9m foi interrompido no trecho que passa por Barrol\u00e2ndia, os manifestantes reclamam da obras paradas deixadas pelo antigo governo, al\u00e9m de melhorias na sa\u00fade, educa\u00e7\u00e3o e mais op\u00e7\u00f5es de emprego.<\/p>\n<p>&nbsp;<\/p>\n<p>&nbsp;<\/p>\n<p><a href=\"http:\/\/www.maisbn.com\/galerias\/227\" target=\"_blank\"><img loading=\"lazy\" decoding=\"async\" style=\"border: 0px none;\" alt=\"\" src=\"http:\/\/www.belmontenews.com\/imagensFCK\/image\/galeria_fotos.gif\" width=\"200\" height=\"169\" border=\"0\" \/><\/a><\/p>\n<p>&nbsp;<\/p>\n<p>&nbsp;<\/p>\n","protected":false},"excerpt":{"rendered":"<p>Nesta quinta-feira (20\/06), parece que finalmente a Costa do Descobrimento acordou e a popula\u00e7\u00e3o foi para as ruas para exigir provid\u00eancias para que a sa\u00fade, a educa\u00e7\u00e3o, o transporte, entre outros in\u00fameros problemas sejam pelo menos enxergados por nossos governantes que insistem em ficar na corrup\u00e7\u00e3o que tanto impera no pa\u00eds e castiga quem mais [&hellip;]<\/p>\n","protected":false},"author":1,"featured_media":0,"comment_status":"closed","ping_status":"open","sticky":false,"template":"","format":"standard","meta":{"footnotes":""},"categories":[1,7],"tags":[385],"class_list":["post-3106","post","type-post","status-publish","format-standard","hentry","category-noticias","category-politica","tag-manifestacao"],"_links":{"self":[{"href":"https:\/\/www.maisbn.com\/portal\/wp-json\/wp\/v2\/posts\/3106","targetHints":{"allow":["GET"]}}],"collection":[{"href":"https:\/\/www.maisbn.com\/portal\/wp-json\/wp\/v2\/posts"}],"about":[{"href":"https:\/\/www.maisbn.com\/portal\/wp-json\/wp\/v2\/types\/post"}],"author":[{"embeddable":true,"href":"https:\/\/www.maisbn.com\/portal\/wp-json\/wp\/v2\/users\/1"}],"replies":[{"embeddable":true,"href":"https:\/\/www.maisbn.com\/portal\/wp-json\/wp\/v2\/comments?post=3106"}],"version-history":[{"count":0,"href":"https:\/\/www.maisbn.com\/portal\/wp-json\/wp\/v2\/posts\/3106\/revisions"}],"wp:attachment":[{"href":"https:\/\/www.maisbn.com\/portal\/wp-json\/wp\/v2\/media?parent=3106"}],"wp:term":[{"taxonomy":"category","embeddable":true,"href":"https:\/\/www.maisbn.com\/portal\/wp-json\/wp\/v2\/categories?post=3106"},{"taxonomy":"post_tag","embeddable":true,"href":"https:\/\/www.maisbn.com\/portal\/wp-json\/wp\/v2\/tags?post=3106"}],"curies":[{"name":"wp","href":"https:\/\/api.w.org\/{rel}","templated":true}]}}