{"id":3095,"date":"2013-06-21T14:10:38","date_gmt":"2013-06-21T17:10:38","guid":{"rendered":"http:\/\/www.maisbn.com\/portal\/?p=3095"},"modified":"2013-06-21T14:10:38","modified_gmt":"2013-06-21T17:10:38","slug":"traficantes-sao-presos-em-barrolandia-com-pedras-de-crack-e-maconha","status":"publish","type":"post","link":"https:\/\/www.maisbn.com\/portal\/2013\/06\/traficantes-sao-presos-em-barrolandia-com-pedras-de-crack-e-maconha\/","title":{"rendered":"Traficantes s\u00e3o presos em Barrol\u00e2ndia com  pedras de crack e maconha."},"content":{"rendered":"<p>Duas pessoas foram presas por tr\u00e1fico de drogas na tarde de ter\u00e7a-feira, 19, no bairro I\u00ead\u00e3o, em Barrol\u00e2ndia. A pris\u00e3o dos traficantes Erinaldo Alves Santana(vulgo Rato),\u00a0\u00a0e Eriquis Silva Santos, aconteceu por volta das 17 horas.<\/p>\n<p><a href=\"http:\/\/www.maisbn.com\/portal\/wp-content\/uploads\/2013\/06\/policia.jpg\"><img loading=\"lazy\" decoding=\"async\" class=\"aligncenter size-full wp-image-3096\" alt=\"policia\" src=\"http:\/\/www.maisbn.com\/portal\/wp-content\/uploads\/2013\/06\/policia.jpg\" width=\"600\" height=\"226\" srcset=\"https:\/\/www.maisbn.com\/portal\/wp-content\/uploads\/2013\/06\/policia.jpg 600w, https:\/\/www.maisbn.com\/portal\/wp-content\/uploads\/2013\/06\/policia-500x188.jpg 500w\" sizes=\"auto, (max-width: 600px) 100vw, 600px\" \/><\/a><\/p>\n<p>Segundo o boletim de ocorr\u00eancia, durante patrulhamento, os pol\u00edciais, F\u00e1bio Moreira Santos e Rog\u00e9rio da Silva Cardoso da\u00a05\u00aa Cia do 8\u00ba Batalh\u00e3o, sob o comando do Capit\u00e3o Ricardo Ara\u00fajo, foram abordado por Rafaela de Britto Soares, usu\u00e1ria, que denunciou a exist\u00eancia de tr\u00e1fico de drogas em uma das ruas do bairro. Desconfiados, os policiais se dirigiram ao local e prenderam os traficantes.<\/p>\n<p>Na abordagem, foram encontradas, 20 tabletes de maconha, 12 pedras de crack, 10 gramas de p\u00f3, e um celular da usu\u00e1ria Rafaela que estavam penhorado por duas pedras de crack.<\/p>\n<p><a href=\"http:\/\/www.maisbn.com\/portal\/wp-content\/uploads\/2013\/06\/policia2.jpg\"><img loading=\"lazy\" decoding=\"async\" class=\"aligncenter size-full wp-image-3097\" alt=\"policia2\" src=\"http:\/\/www.maisbn.com\/portal\/wp-content\/uploads\/2013\/06\/policia2.jpg\" width=\"600\" height=\"450\" srcset=\"https:\/\/www.maisbn.com\/portal\/wp-content\/uploads\/2013\/06\/policia2.jpg 600w, https:\/\/www.maisbn.com\/portal\/wp-content\/uploads\/2013\/06\/policia2-466x350.jpg 466w, https:\/\/www.maisbn.com\/portal\/wp-content\/uploads\/2013\/06\/policia2-500x375.jpg 500w\" sizes=\"auto, (max-width: 600px) 100vw, 600px\" \/><\/a><\/p>\n<p>\u201cAs a\u00e7\u00f5es v\u00e3o continuar em Barrol\u00e2ndia e em Belmonte, muitos bandidos ainda v\u00e3o ser presos nos pr\u00f3ximos dias\u201d relatou o Capit\u00e3o Ricardo. \u201cPrecisamos que as pessoas denunciem para que possamos chegar mais depressa at\u00e9 os bandidos. Sem as den\u00fancias o trabalho da PM fica prejudicado, pois demoramos muito at\u00e9 chegar \u00e0s pessoas certas, dando tempo para algumas fugirem\u201d conclui o Capit\u00e3o.<\/p>\n<p>&nbsp;<\/p>\n<p>Texto: Djalma Brito<\/p>\n<p>&nbsp;<\/p>\n","protected":false},"excerpt":{"rendered":"<p>Duas pessoas foram presas por tr\u00e1fico de drogas na tarde de ter\u00e7a-feira, 19, no bairro I\u00ead\u00e3o, em Barrol\u00e2ndia. A pris\u00e3o dos traficantes Erinaldo Alves Santana(vulgo Rato),\u00a0\u00a0e Eriquis Silva Santos, aconteceu por volta das 17 horas. Segundo o boletim de ocorr\u00eancia, durante patrulhamento, os pol\u00edciais, F\u00e1bio Moreira Santos e Rog\u00e9rio da Silva Cardoso da\u00a05\u00aa Cia do [&hellip;]<\/p>\n","protected":false},"author":1,"featured_media":0,"comment_status":"closed","ping_status":"open","sticky":false,"template":"","format":"standard","meta":{"footnotes":""},"categories":[1,16],"tags":[627,48],"class_list":["post-3095","post","type-post","status-publish","format-standard","hentry","category-noticias","category-policial","tag-policial","tag-trafico-de-drogas"],"_links":{"self":[{"href":"https:\/\/www.maisbn.com\/portal\/wp-json\/wp\/v2\/posts\/3095","targetHints":{"allow":["GET"]}}],"collection":[{"href":"https:\/\/www.maisbn.com\/portal\/wp-json\/wp\/v2\/posts"}],"about":[{"href":"https:\/\/www.maisbn.com\/portal\/wp-json\/wp\/v2\/types\/post"}],"author":[{"embeddable":true,"href":"https:\/\/www.maisbn.com\/portal\/wp-json\/wp\/v2\/users\/1"}],"replies":[{"embeddable":true,"href":"https:\/\/www.maisbn.com\/portal\/wp-json\/wp\/v2\/comments?post=3095"}],"version-history":[{"count":0,"href":"https:\/\/www.maisbn.com\/portal\/wp-json\/wp\/v2\/posts\/3095\/revisions"}],"wp:attachment":[{"href":"https:\/\/www.maisbn.com\/portal\/wp-json\/wp\/v2\/media?parent=3095"}],"wp:term":[{"taxonomy":"category","embeddable":true,"href":"https:\/\/www.maisbn.com\/portal\/wp-json\/wp\/v2\/categories?post=3095"},{"taxonomy":"post_tag","embeddable":true,"href":"https:\/\/www.maisbn.com\/portal\/wp-json\/wp\/v2\/tags?post=3095"}],"curies":[{"name":"wp","href":"https:\/\/api.w.org\/{rel}","templated":true}]}}