{"id":3028,"date":"2013-05-30T09:45:51","date_gmt":"2013-05-30T12:45:51","guid":{"rendered":"http:\/\/www.maisbn.com\/portal\/?p=3028"},"modified":"2013-05-30T09:46:25","modified_gmt":"2013-05-30T12:46:25","slug":"caixa-economica-federal-inaugura-agencia-em-belmonte","status":"publish","type":"post","link":"https:\/\/www.maisbn.com\/portal\/2013\/05\/caixa-economica-federal-inaugura-agencia-em-belmonte\/","title":{"rendered":"Caixa Econ\u00f4mica Federal inaugura ag\u00eancia em Belmonte."},"content":{"rendered":"<p>A inaugura\u00e7\u00e3o aconteceu ontem (29-05) e contou com a presen\u00e7a da Prefeita de Belmonte Alice Brito, sua vice Carla Xavier, alguns vereadores, o Capit\u00e3o da PM Ricardo, comerciantes e pessoas da comunidade, al\u00e9m do Gerente da agencia de Porto Seguro Gilson Alves, o Gerente da ag\u00eancia de Belmonte Marcos Rafiner e o representante da Superintend\u00eancia geral da Caixa o Sr. Kleber.<\/p>\n<p><a href=\"http:\/\/www.maisbn.com\/portal\/wp-content\/uploads\/2013\/05\/agencia_caixa1.jpg\"><img loading=\"lazy\" decoding=\"async\" class=\"size-full wp-image-3030 aligncenter\" alt=\"agencia_caixa1\" src=\"http:\/\/www.maisbn.com\/portal\/wp-content\/uploads\/2013\/05\/agencia_caixa1.jpg\" width=\"650\" height=\"412\" srcset=\"https:\/\/www.maisbn.com\/portal\/wp-content\/uploads\/2013\/05\/agencia_caixa1.jpg 650w, https:\/\/www.maisbn.com\/portal\/wp-content\/uploads\/2013\/05\/agencia_caixa1-552x350.jpg 552w, https:\/\/www.maisbn.com\/portal\/wp-content\/uploads\/2013\/05\/agencia_caixa1-500x316.jpg 500w\" sizes=\"auto, (max-width: 650px) 100vw, 650px\" \/><\/a><\/p>\n<p>No seu pronunciamento a prefeita Alice agradeceu aos representantes da Caixa pela nova ag\u00eancia de Belmonte e enfatizou a import\u00e2ncia que esta ter\u00e1 para os belmontenses, principalmente os que utilizam os servi\u00e7os como Bolsa fam\u00edlia, FGTS, Cart\u00e3o Cidad\u00e3o, Seguro Desemprego e muito outros que antes s\u00f3 eram acess\u00edveis atrav\u00e9s das agencias de Porto Seguro e ou Eun\u00e1polis.<\/p>\n<p>&nbsp;<\/p>\n<p>O representante da Superintend\u00eancia Caixa o Sr. KLEBER, falou da import\u00e2ncia das mais de 2 mil novas agencias que ser\u00e3o inauguradas em todo Bahia e em especial as da regi\u00e3o pois al\u00e9m de desafogar as ag\u00eancias de Porto e Eun\u00e1polis proporcionaram melhor atendimento para os usu\u00e1rios. Ainda segundo Kleber todos os belmontenses que possuem contas nas agencias de Porto ou Eun\u00e1polis ser\u00e3o transferidos automaticamente para a nova Ag\u00eancia de Belmonte.<\/p>\n<p>&nbsp;<\/p>\n<p>Logo ap\u00f3s os pronunciamentos todos foram convidados para um coquetel que foi servido na nova ag\u00eancia enquanto as pessoas conheciam as instala\u00e7\u00f5es.<\/p>\n<p>&nbsp;<\/p>\n<p><a href=\"http:\/\/www.maisbn.com\/galerias\/220\" target=\"_blank\"><img loading=\"lazy\" decoding=\"async\" class=\"aligncenter\" style=\"border: 0px none;\" alt=\"\" src=\"http:\/\/www.belmontenews.com\/imagensFCK\/image\/galeria_fotos.gif\" width=\"200\" height=\"169\" border=\"0\" \/><\/a><\/p>\n<p>&nbsp;<\/p>\n","protected":false},"excerpt":{"rendered":"<p>A inaugura\u00e7\u00e3o aconteceu ontem (29-05) e contou com a presen\u00e7a da Prefeita de Belmonte Alice Brito, sua vice Carla Xavier, alguns vereadores, o Capit\u00e3o da PM Ricardo, comerciantes e pessoas da comunidade, al\u00e9m do Gerente da agencia de Porto Seguro Gilson Alves, o Gerente da ag\u00eancia de Belmonte Marcos Rafiner e o representante da Superintend\u00eancia [&hellip;]<\/p>\n","protected":false},"author":1,"featured_media":0,"comment_status":"closed","ping_status":"open","sticky":false,"template":"","format":"standard","meta":{"footnotes":""},"categories":[45,1],"tags":[375,374],"class_list":["post-3028","post","type-post","status-publish","format-standard","hentry","category-cidades","category-noticias","tag-caixa","tag-caixa-economica-federal"],"_links":{"self":[{"href":"https:\/\/www.maisbn.com\/portal\/wp-json\/wp\/v2\/posts\/3028","targetHints":{"allow":["GET"]}}],"collection":[{"href":"https:\/\/www.maisbn.com\/portal\/wp-json\/wp\/v2\/posts"}],"about":[{"href":"https:\/\/www.maisbn.com\/portal\/wp-json\/wp\/v2\/types\/post"}],"author":[{"embeddable":true,"href":"https:\/\/www.maisbn.com\/portal\/wp-json\/wp\/v2\/users\/1"}],"replies":[{"embeddable":true,"href":"https:\/\/www.maisbn.com\/portal\/wp-json\/wp\/v2\/comments?post=3028"}],"version-history":[{"count":0,"href":"https:\/\/www.maisbn.com\/portal\/wp-json\/wp\/v2\/posts\/3028\/revisions"}],"wp:attachment":[{"href":"https:\/\/www.maisbn.com\/portal\/wp-json\/wp\/v2\/media?parent=3028"}],"wp:term":[{"taxonomy":"category","embeddable":true,"href":"https:\/\/www.maisbn.com\/portal\/wp-json\/wp\/v2\/categories?post=3028"},{"taxonomy":"post_tag","embeddable":true,"href":"https:\/\/www.maisbn.com\/portal\/wp-json\/wp\/v2\/tags?post=3028"}],"curies":[{"name":"wp","href":"https:\/\/api.w.org\/{rel}","templated":true}]}}