{"id":2966,"date":"2013-05-22T18:36:05","date_gmt":"2013-05-22T21:36:05","guid":{"rendered":"http:\/\/www.maisbn.com\/portal\/?p=2966"},"modified":"2013-05-22T18:36:05","modified_gmt":"2013-05-22T21:36:05","slug":"ex-prefeito-de-belmonte-iedo-elias-e-penalizado-com-multa-e-representacao-no-ministerio-publico","status":"publish","type":"post","link":"https:\/\/www.maisbn.com\/portal\/2013\/05\/ex-prefeito-de-belmonte-iedo-elias-e-penalizado-com-multa-e-representacao-no-ministerio-publico\/","title":{"rendered":"Ex-prefeito de Belmonte I\u00eado Elias \u00e9 penalizado com multa e representa\u00e7\u00e3o no Minist\u00e9rio P\u00fablico."},"content":{"rendered":"<p>Na tarde desta ter\u00e7a-feira (21), o Tribunal de Contas dos Munic\u00edpios votou pela proced\u00eancia do termo de ocorr\u00eancia, lavrado contra I\u00eado Elias, ex-prefeito de Belmonte, por irregularidades cometidas no exerc\u00edcio de 2012, sendo imputada multa de R$ 38.065,00 e determinada a formula\u00e7\u00e3o de representa\u00e7\u00e3o ao Minist\u00e9rio P\u00fablico Estadual.<\/p>\n<p>&nbsp;<\/p>\n<p><a href=\"http:\/\/www.maisbn.com\/portal\/wp-content\/uploads\/2012\/12\/iedo.jpg\"><img loading=\"lazy\" decoding=\"async\" class=\"alignright size-full wp-image-1886\" alt=\"iedo\" src=\"http:\/\/www.maisbn.com\/portal\/wp-content\/uploads\/2012\/12\/iedo.jpg\" width=\"240\" height=\"180\" \/><\/a> Versa o presente termo, lavrado pela 26\u00aa Inspetoria Regional de Controle Externo, com sede em Eun\u00e1polis, sobre o cometimento de irregularidades resultantes da contrata\u00e7\u00e3o de servi\u00e7os de infraestrutura e apresenta\u00e7\u00e3o de shows musicais para a realiza\u00e7\u00e3o dos festejos de Reveillon, Carnaval, Juninos, Anivers\u00e1rio de Emancipa\u00e7\u00e3o Pol\u00edtica e Homenagem \u00e0 Padroeira do Munic\u00edpio de Belmonte, atrav\u00e9s dos processos administrativos de inexigibilidade de licita\u00e7\u00f5es n\u00bas 05\/2012 (R$ 846.500,00), 10\/2012 (R$ 95.300,00), 11\/2012 (R$ 325.000,00), 12\/2012 (R$ 153.500,00) e 16\/2012 (R$ 186.150,00), e do Preg\u00e3o Presencial n\u00ba 05\/2012 (R$ 862.155,00), totalizando R$ 2.468.605,00, ressaltando-se que deste irrazo\u00e1vel montante, R$ 1.708.655,00 se refere \u00e0 contrata\u00e7\u00e3o de infraestrutura e shows art\u00edsticos para realiza\u00e7\u00e3o de um \u00fanico evento no m\u00eas de Fevereiro\/2012, qual seja, o Carnaval de Belmonte.<\/p>\n<p>&nbsp;<\/p>\n<p>Destaca-se, ainda, que a conduta adotada pelo gestor al\u00e9m de irrazo\u00e1vel se mostra desproporcional, uma vez que a despesa contratada para o citado evento representa 66% do total da receita or\u00e7ament\u00e1ria arrecadada naquele m\u00eas de Fevereiro\/2012, que foi de R$ 2.606.487,64.<\/p>\n<p>&nbsp;<\/p>\n<p>Verifica-se tamb\u00e9m um aumento anual dos gastos com shows art\u00edsticos para as festividades do Carnaval, da ordem de 32%, visto que no exerc\u00edcio de 2010 foi dispendido o valor de R$ 477.500,00, em 2011 o valor contratado e pago foi de R$ 622.000,00, enquanto em 2012 o disp\u00eandio foi de R$ 846.500,00.<\/p>\n<p>&nbsp;<\/p>\n<p>Al\u00e9m de n\u00e3o terem sido descaracterizadas as grav\u00edssimas irregularidades apontadas no termo de ocorr\u00eancia, o relator real\u00e7a que o gestor cometeu reincid\u00eancia, pois falhas id\u00eanticas haviam sido cometidas nos mesmos festejos de 2011, sendo penalizado na oportunidade com uma multa de R$ 10 mil.<\/p>\n","protected":false},"excerpt":{"rendered":"<p>Na tarde desta ter\u00e7a-feira (21), o Tribunal de Contas dos Munic\u00edpios votou pela proced\u00eancia do termo de ocorr\u00eancia, lavrado contra I\u00eado Elias, ex-prefeito de Belmonte, por irregularidades cometidas no exerc\u00edcio de 2012, sendo imputada multa de R$ 38.065,00 e determinada a formula\u00e7\u00e3o de representa\u00e7\u00e3o ao Minist\u00e9rio P\u00fablico Estadual. &nbsp; Versa o presente termo, lavrado pela [&hellip;]<\/p>\n","protected":false},"author":1,"featured_media":0,"comment_status":"closed","ping_status":"open","sticky":false,"template":"","format":"standard","meta":{"footnotes":""},"categories":[1,7],"tags":[131,94],"class_list":["post-2966","post","type-post","status-publish","format-standard","hentry","category-noticias","category-politica","tag-iedo-elias","tag-tribunal-de-contas"],"_links":{"self":[{"href":"https:\/\/www.maisbn.com\/portal\/wp-json\/wp\/v2\/posts\/2966","targetHints":{"allow":["GET"]}}],"collection":[{"href":"https:\/\/www.maisbn.com\/portal\/wp-json\/wp\/v2\/posts"}],"about":[{"href":"https:\/\/www.maisbn.com\/portal\/wp-json\/wp\/v2\/types\/post"}],"author":[{"embeddable":true,"href":"https:\/\/www.maisbn.com\/portal\/wp-json\/wp\/v2\/users\/1"}],"replies":[{"embeddable":true,"href":"https:\/\/www.maisbn.com\/portal\/wp-json\/wp\/v2\/comments?post=2966"}],"version-history":[{"count":0,"href":"https:\/\/www.maisbn.com\/portal\/wp-json\/wp\/v2\/posts\/2966\/revisions"}],"wp:attachment":[{"href":"https:\/\/www.maisbn.com\/portal\/wp-json\/wp\/v2\/media?parent=2966"}],"wp:term":[{"taxonomy":"category","embeddable":true,"href":"https:\/\/www.maisbn.com\/portal\/wp-json\/wp\/v2\/categories?post=2966"},{"taxonomy":"post_tag","embeddable":true,"href":"https:\/\/www.maisbn.com\/portal\/wp-json\/wp\/v2\/tags?post=2966"}],"curies":[{"name":"wp","href":"https:\/\/api.w.org\/{rel}","templated":true}]}}