{"id":2951,"date":"2013-05-20T18:16:55","date_gmt":"2013-05-20T21:16:55","guid":{"rendered":"http:\/\/www.maisbn.com\/portal\/?p=2951"},"modified":"2013-05-20T18:19:10","modified_gmt":"2013-05-20T21:19:10","slug":"passeata-promove-dia-contra-o-abuso-e-exploracao-sexual-de-criancas-e-adolescentes","status":"publish","type":"post","link":"https:\/\/www.maisbn.com\/portal\/2013\/05\/passeata-promove-dia-contra-o-abuso-e-exploracao-sexual-de-criancas-e-adolescentes\/","title":{"rendered":"Passeata promove dia contra o abuso e explora\u00e7\u00e3o sexual de crian\u00e7as e adolescentes."},"content":{"rendered":"<p class=\"MsoNormal\" style=\"line-height: normal; text-align: justify;\"><span style=\"font-size: 12pt; font-family: 'Times New Roman','serif';\"><a href=\"http:\/\/www.maisbn.com\/portal\/wp-content\/uploads\/2013\/05\/passeatabelmonte2.jpg\"><img loading=\"lazy\" decoding=\"async\" class=\"alignleft size-full wp-image-2952\" alt=\"passeatabelmonte2\" src=\"http:\/\/www.maisbn.com\/portal\/wp-content\/uploads\/2013\/05\/passeatabelmonte2.jpg\" width=\"374\" height=\"240\" \/><\/a><\/span><\/p>\n<p class=\"MsoNormal\" style=\"line-height: normal; text-align: justify;\"><span style=\"font-size: 12pt; font-family: 'Times New Roman','serif';\">Em apoio ao Dia Nacional de Luta contra o Abuso e a Explora\u00e7\u00e3o Sexual de Crian\u00e7as e Adolescentes (18 de maio), estudantes da rede estadual e municipal de ensino, professores e sociedade em geral, realizaram na manh\u00e3 desta sexta-feira (17), uma passeata pelas principais ruas da cidade convocando toda a sociedade para combater os atos de viol\u00eancia e abusos contra crian\u00e7as e adolescentes em Belmonte.<\/span><em><span style=\"font-size: 12pt; font-family: 'Times New Roman','serif';\"><br \/>\n<\/span><\/em><\/p>\n<p style=\"text-align: justify;\">Mais de 500 pessoas participaram da passeata que percorreu as principais ruas da cidade, e dos distritos de Barrol\u00e2ndia, Boca do C\u00f3rrego e Santa Maria Eterna<\/p>\n<p style=\"text-align: justify;\">O movimento foi organizado pelo CREAS (Centro de Refer\u00eancia de Assist\u00eancia Social); CMDCA (Conselho Municipal dos Direitos da Crian\u00e7a e do Adolescente); Conselheiros Eleitos para o Bi\u00eanio 2013\/2015. Apoio da Secretaria de Assist\u00eancia Social e\u00a0 da Prefeitura Municipal de Belmonte.<\/p>\n<p style=\"text-align: justify;\">\u201cEsta passeata contribui para a conscientiza\u00e7\u00e3o da comunidade em rela\u00e7\u00e3o ao fato de que nenhuma crian\u00e7a merece ser violentada e nossa popula\u00e7\u00e3o deve ser protagonista no sentido de n\u00e3o permitir que estes abusos aconte\u00e7am, a final de contas, crian\u00e7a n\u00e3o combina com viol\u00eancia\u201d, comentou a Secret\u00e1ria Municipal de Assist\u00eancia Social Carla Xavier<\/p>\n<p style=\"text-align: justify;\">Carla comentou ainda que poucos t\u00eam a possibilidade de denunciar os abusos, principalmente pelo fato do agressor ser normalmente uma pessoa da pr\u00f3pria fam\u00edlia, o que inibe as den\u00fancias.<\/p>\n<p style=\"text-align: center;\"><strong>Dia Nacional de Luta contra o Abuso e a Explora\u00e7\u00e3o Sexual de Crian\u00e7as e Adolescentes.<\/strong><\/p>\n<p style=\"text-align: justify;\"><a href=\"http:\/\/www.maisbn.com\/portal\/wp-content\/uploads\/2013\/05\/passeatabelmonte3.jpg\"><img loading=\"lazy\" decoding=\"async\" class=\"alignright size-full wp-image-2953\" alt=\"passeatabelmonte3\" src=\"http:\/\/www.maisbn.com\/portal\/wp-content\/uploads\/2013\/05\/passeatabelmonte3.jpg\" width=\"366\" height=\"233\" \/><\/a><\/p>\n<p style=\"text-align: justify;\">O Dia Nacional de Luta contra o Abuso e a Explora\u00e7\u00e3o Sexual, 18 de maio, institu\u00eddo pela Lei Federal n\u00ba 9970\/00, mobiliza todo o pa\u00eds com o objetivo de promover atividades de conscientiza\u00e7\u00e3o para o enfrentamento da viol\u00eancia sexual infanto-juvenil. A mobiliza\u00e7\u00e3o \u00e9 articulada pelo Comit\u00ea Nacional de Enfrentamento \u00e0 Viol\u00eancia Sexual Contra Crian\u00e7as e Adolescentes, com o apoio do Governo Federal, Estadual, Municipal e de parceiros.<\/p>\n<p style=\"text-align: justify;\">A data foi escolhida porque em 18 de maio de 1973, em Vit\u00f3ria-ES, um crime b\u00e1rbaro chocou todo o pa\u00eds e ficou conhecido como o \u201cCrime Araceli\u201d. Esse era o nome de uma menina de apenas oito anos de idade que foi raptada, drogada, estuprada, morta e carbonizada por jovens de classe m\u00e9dia alta daquela cidade. Esse crime, apesar de sua natureza hedionda prescreveu impune.<\/p>\n","protected":false},"excerpt":{"rendered":"<p>Em apoio ao Dia Nacional de Luta contra o Abuso e a Explora\u00e7\u00e3o Sexual de Crian\u00e7as e Adolescentes (18 de maio), estudantes da rede estadual e municipal de ensino, professores e sociedade em geral, realizaram na manh\u00e3 desta sexta-feira (17), uma passeata pelas principais ruas da cidade convocando toda a sociedade para combater os atos [&hellip;]<\/p>\n","protected":false},"author":7,"featured_media":0,"comment_status":"closed","ping_status":"open","sticky":false,"template":"","format":"standard","meta":{"footnotes":""},"categories":[45,1],"tags":[108,44],"class_list":["post-2951","post","type-post","status-publish","format-standard","hentry","category-cidades","category-noticias","tag-belmonte","tag-belmonte-ba"],"_links":{"self":[{"href":"https:\/\/www.maisbn.com\/portal\/wp-json\/wp\/v2\/posts\/2951","targetHints":{"allow":["GET"]}}],"collection":[{"href":"https:\/\/www.maisbn.com\/portal\/wp-json\/wp\/v2\/posts"}],"about":[{"href":"https:\/\/www.maisbn.com\/portal\/wp-json\/wp\/v2\/types\/post"}],"author":[{"embeddable":true,"href":"https:\/\/www.maisbn.com\/portal\/wp-json\/wp\/v2\/users\/7"}],"replies":[{"embeddable":true,"href":"https:\/\/www.maisbn.com\/portal\/wp-json\/wp\/v2\/comments?post=2951"}],"version-history":[{"count":0,"href":"https:\/\/www.maisbn.com\/portal\/wp-json\/wp\/v2\/posts\/2951\/revisions"}],"wp:attachment":[{"href":"https:\/\/www.maisbn.com\/portal\/wp-json\/wp\/v2\/media?parent=2951"}],"wp:term":[{"taxonomy":"category","embeddable":true,"href":"https:\/\/www.maisbn.com\/portal\/wp-json\/wp\/v2\/categories?post=2951"},{"taxonomy":"post_tag","embeddable":true,"href":"https:\/\/www.maisbn.com\/portal\/wp-json\/wp\/v2\/tags?post=2951"}],"curies":[{"name":"wp","href":"https:\/\/api.w.org\/{rel}","templated":true}]}}