{"id":2946,"date":"2013-05-20T17:42:05","date_gmt":"2013-05-20T20:42:05","guid":{"rendered":"http:\/\/www.maisbn.com\/portal\/?p=2946"},"modified":"2013-05-20T17:42:05","modified_gmt":"2013-05-20T20:42:05","slug":"passeata-celebra-dia-da-luta-antimanicomial-em-belmonte","status":"publish","type":"post","link":"https:\/\/www.maisbn.com\/portal\/2013\/05\/passeata-celebra-dia-da-luta-antimanicomial-em-belmonte\/","title":{"rendered":"Passeata celebra Dia da Luta Antimanicomial em Belmonte."},"content":{"rendered":"<p>&nbsp;<\/p>\n<p>&nbsp;<\/p>\n<p><span style=\"font-size: 12.0pt; font-family: 'Verdana','sans-serif'; mso-fareast-font-family: 'Times New Roman'; mso-bidi-font-family: 'Times New Roman'; mso-fareast-language: PT-BR;\"><a href=\"http:\/\/www.maisbn.com\/portal\/wp-content\/uploads\/2013\/05\/passeatabelmonte.jpg\"><img loading=\"lazy\" decoding=\"async\" class=\"alignleft size-full wp-image-2947\" alt=\"passeatabelmonte\" src=\"http:\/\/www.maisbn.com\/portal\/wp-content\/uploads\/2013\/05\/passeatabelmonte.jpg\" width=\"370\" height=\"254\" \/><\/a>O Governo Municipal de Belmonte, por meio da Secretaria de Sa\u00fade, promoveu nesta sexta (16\/5\/2013), a passeata \u201cQual \u00e9 a sua loucura\u201d, coordenada pelo Centro de Aten\u00e7\u00e3o Psicossocial (Caps) com sa\u00edda em frente \u00e0 unidade, \u00e0s 9h, O evento \u00e9 alusivo ao Dia da Luta Antimanicomial, comemorado neste s\u00e1bado (18).<\/span><\/p>\n<p class=\"MsoNormal\" style=\"line-height: normal; text-align: justify;\"><span style=\"font-size: 12.0pt; font-family: 'Verdana','sans-serif'; mso-fareast-font-family: 'Times New Roman'; mso-bidi-font-family: 'Times New Roman'; mso-fareast-language: PT-BR;\">A caminhada percorreu v\u00e1rias ruas da cidade, e encerrou em frente a Prefeitural Municipal com a palavra do Dr. Jos\u00e9 Roberto. onde houve exposi\u00e7\u00e3o de trabalhos manuais produzidos pelos pacientes. A coordenadora do Caps, Larissa Borges, disse que a luta antimanicomial \u00e9 contra o encarceramento e a favor do tratamento livre, quando o paciente tem contato com familiares, sem a perda de sua identidade e refer\u00eancia. \u201cExiste o contato com a comunidade para exercer todos os seus direitos, como o voto, e at\u00e9 mesmo o acesso a tratamento mais humanizado; com apoio de psic\u00f3logos, assistentes sociais, enfermeiros e m\u00e9dicos\u201d.<\/span><\/p>\n<p class=\"MsoNormal\" style=\"line-height: normal; text-align: justify;\"><span style=\"font-size: 12.0pt; font-family: 'Verdana','sans-serif'; mso-fareast-font-family: 'Times New Roman'; mso-bidi-font-family: 'Times New Roman'; mso-fareast-language: PT-BR;\">O Movimento Antimanicomial tem o dia 18 de maio como data de comemora\u00e7\u00e3o no calend\u00e1rio nacional e remete ao Encontro dos Trabalhadores da Sa\u00fade Mental, ocorrido em 1987, na cidade de Bauru (SP).<\/span><\/p>\n<p class=\"MsoNormal\" style=\"line-height: normal; text-align: justify;\"><span style=\"font-size: 12.0pt; font-family: 'Verdana','sans-serif'; mso-fareast-font-family: 'Times New Roman'; mso-bidi-font-family: 'Times New Roman'; mso-fareast-language: PT-BR;\">A Reforma Psiqui\u00e1trica, definida pela lei 10.216, de 2001 (Lei Paulo Delgado) tem como diretriz a reformula\u00e7\u00e3o do modelo de Aten\u00e7\u00e3o \u00e0 Sa\u00fade Mental, transferindo o foco do tratamento, que se concentrava na institui\u00e7\u00e3o hospitalar, para uma Rede de Aten\u00e7\u00e3o Psicossocial, estruturada em unidades de servi\u00e7os comunit\u00e1rios e abertos.<\/span><\/p>\n","protected":false},"excerpt":{"rendered":"<p>&nbsp; &nbsp; O Governo Municipal de Belmonte, por meio da Secretaria de Sa\u00fade, promoveu nesta sexta (16\/5\/2013), a passeata \u201cQual \u00e9 a sua loucura\u201d, coordenada pelo Centro de Aten\u00e7\u00e3o Psicossocial (Caps) com sa\u00edda em frente \u00e0 unidade, \u00e0s 9h, O evento \u00e9 alusivo ao Dia da Luta Antimanicomial, comemorado neste s\u00e1bado (18). A caminhada percorreu [&hellip;]<\/p>\n","protected":false},"author":7,"featured_media":0,"comment_status":"closed","ping_status":"open","sticky":false,"template":"","format":"standard","meta":{"footnotes":""},"categories":[1,28],"tags":[44],"class_list":["post-2946","post","type-post","status-publish","format-standard","hentry","category-noticias","category-saude-noticias","tag-belmonte-ba"],"_links":{"self":[{"href":"https:\/\/www.maisbn.com\/portal\/wp-json\/wp\/v2\/posts\/2946","targetHints":{"allow":["GET"]}}],"collection":[{"href":"https:\/\/www.maisbn.com\/portal\/wp-json\/wp\/v2\/posts"}],"about":[{"href":"https:\/\/www.maisbn.com\/portal\/wp-json\/wp\/v2\/types\/post"}],"author":[{"embeddable":true,"href":"https:\/\/www.maisbn.com\/portal\/wp-json\/wp\/v2\/users\/7"}],"replies":[{"embeddable":true,"href":"https:\/\/www.maisbn.com\/portal\/wp-json\/wp\/v2\/comments?post=2946"}],"version-history":[{"count":0,"href":"https:\/\/www.maisbn.com\/portal\/wp-json\/wp\/v2\/posts\/2946\/revisions"}],"wp:attachment":[{"href":"https:\/\/www.maisbn.com\/portal\/wp-json\/wp\/v2\/media?parent=2946"}],"wp:term":[{"taxonomy":"category","embeddable":true,"href":"https:\/\/www.maisbn.com\/portal\/wp-json\/wp\/v2\/categories?post=2946"},{"taxonomy":"post_tag","embeddable":true,"href":"https:\/\/www.maisbn.com\/portal\/wp-json\/wp\/v2\/tags?post=2946"}],"curies":[{"name":"wp","href":"https:\/\/api.w.org\/{rel}","templated":true}]}}