{"id":2892,"date":"2013-05-12T10:29:46","date_gmt":"2013-05-12T13:29:46","guid":{"rendered":"http:\/\/www.maisbn.com\/portal\/?p=2892"},"modified":"2013-05-12T10:41:09","modified_gmt":"2013-05-12T13:41:09","slug":"explosao-de-violencia-assola-final-de-semana-das-maes-em-santa-cruz-cabralia","status":"publish","type":"post","link":"https:\/\/www.maisbn.com\/portal\/2013\/05\/explosao-de-violencia-assola-final-de-semana-das-maes-em-santa-cruz-cabralia\/","title":{"rendered":"Explos\u00e3o de viol\u00eancia assola final de semana das m\u00e3es em Santa Cruz Cabr\u00e1lia."},"content":{"rendered":"<p><!--[if gte mso 9]><xml>\n<w:worddocument>\n<w:view>Normal<\/w:view>\n<w:zoom>0<\/w:zoom>\n<w:hyphenationzone>21<\/w:hyphenationzone>\n<w:punctuationkerning><\/w:punctuationkerning>\n<w:validateagainstschemas><\/w:validateagainstschemas>\n<w:saveifxmlinvalid>false<\/w:saveifxmlinvalid>\n<w:ignoremixedcontent>false<\/w:ignoremixedcontent>\n<w:alwaysshowplaceholdertext>false<\/w:alwaysshowplaceholdertext>\n<w:compatibility>\n<w:breakwrappedtables><\/w:breakwrappedtables>\n<w:snaptogridincell><\/w:snaptogridincell>\n<w:wraptextwithpunct><\/w:wraptextwithpunct>\n<w:useasianbreakrules><\/w:useasianbreakrules>\n<w:dontgrowautofit><\/w:dontgrowautofit>\n<\/w:compatibility>\n<w:browserlevel>MicrosoftInternetExplorer4<\/w:browserlevel>\n<\/w:worddocument>\n<\/xml>< ![endif]--><\/p>\n<p><!--[if gte mso 9]><xml>\n<w:latentstyles DefLockedState=\"false\" LatentStyleCount=\"156\">\n<\/w:latentstyles>\n<\/xml>< ![endif]--><!--[if !mso]><object classid=\"clsid:38481807-CA0E-42D2-BF39-B33AF135CC4D\" id=ieooui><\/object>\n\n\n\n<style>\nst1\\:*{behavior:url(#ieooui) }\n<\/style>\n\n< ![endif]--><!--[if gte mso 10]>\n\n\n\n<style>\n \/* Style Definitions *\/\ntable.MsoNormalTable\n{mso-style-name:\"Tabela normal\";\nmso-tstyle-rowband-size:0;\nmso-tstyle-colband-size:0;\nmso-style-noshow:yes;\nmso-style-parent:\"\";\nmso-padding-alt:0cm 5.4pt 0cm 5.4pt;\nmso-para-margin:0cm;\nmso-para-margin-bottom:.0001pt;\nmso-pagination:widow-orphan;\nfont-size:10.0pt;\nfont-family:\"Times New Roman\";\nmso-ansi-language:#0400;\nmso-fareast-language:#0400;\nmso-bidi-language:#0400;}\n<\/style>\n\n< ![endif]--><\/p>\n<p class=\"MsoNormal\">Em pleno final de semana das m\u00e3es o clima esquentou na cidade de Santa Cruz Cabr\u00e1lia. Estamos falando da explos\u00e3o de ocorr\u00eancias violentas que assolou a cidade durante os dias 10\/05 e 11\/05, sexta-feira e s\u00e1bado respectivamente.<\/p>\n<p class=\"MsoNormal\"><a href=\"http:\/\/www.maisbn.com\/portal\/wp-content\/uploads\/2013\/05\/fotoviatura.jpg\"><img loading=\"lazy\" decoding=\"async\" class=\"size-full wp-image-2895 alignleft\" alt=\"fotoviatura\" src=\"http:\/\/www.maisbn.com\/portal\/wp-content\/uploads\/2013\/05\/fotoviatura.jpg\" width=\"300\" height=\"183\" \/><\/a>A primeira ocorr\u00eancia aconteceu por volta das 03:00 Hrs da madrugada do dia 10\/05 onde Ivan Nascimento da Silva foi v\u00edtima de disparos de armas de fogo em uma tentativa de homic\u00eddio na localidade entre Gerald\u00e3o e T\u00e2nia. Segundo informa\u00e7\u00f5es obtidas por nossa reportagem, a v\u00edtima saiu correndo pela rua perseguido por um homem n\u00e3o identificado que efetuou v\u00e1rios disparos contra a v\u00edtima. Segundo moradores Ivan Nascimento ainda entrou em uma casa mas n\u00e3o resistiu aos ferimentos e veio a \u00f3bito.<\/p>\n<p class=\"MsoNormal\">A segunda ocorr\u00eancia do dia aconteceu por volta das 21:00 Hrs, onde assaltantes roubaram uma moto CG 125 FAN preta, placa policial JMO 8662 de propriedade do Sr. Nelson de Oliveira Lima. A ocorr\u00eancia aconteceu no Bairro Nova Cabr\u00e1lia.<\/p>\n<p class=\"MsoNormal\">No dia 11\/05 por voltas das 14:30 transeuntes encontraram um corpo alvejado com v\u00e1rios tiros a queima-roupa na estrada da T\u00e2nia, em um local acima do S\u00edtio de Marcelo Scaramussa. A v\u00edtima foi reconhecida com o nome de Emerson Luiz de Jesus Barbosa de 18 anos. As informa\u00e7\u00f5es foram obtidas no local pelo irm\u00e3o da v\u00edtima que reconheceu o corpo. A policia ainda n\u00e3o sabe a motiva\u00e7\u00e3o do crime.<\/p>\n<p class=\"MsoNormal\">O segundo homic\u00eddio do dia aconteceu em Coroa Vermelha \u00e0s margens da BR-367 por volta das 18:05 Hrs. O jovem de 18 anos identificado com o nome de Paulo Henrique da Silva foi executado com tiros na cabe\u00e7a. A v\u00edtima ainda foi socorrida pelo SAMU mais morreu ao dar entrada no hospital.<\/p>\n<p class=\"MsoNormal\">Diante das v\u00e1rias ocorr\u00eancias, o policiamento foi extremamente refor\u00e7ado na cidade. Varias opera\u00e7\u00f5es aconteceram na noite de s\u00e1bado no intuito de barrar a onda de viol\u00eancia. A situa\u00e7\u00e3o ficou t\u00e3o s\u00e9ria que h\u00e1 noticias que bandidos estavam abordando pessoas e determinando toques de recolher.\u00a0 Felizmente as a\u00e7\u00f5es deram certo e nenhuma ocorr\u00eancia foi registrada at\u00e9 o momento de fechamento desta reportagem.<\/p>\n","protected":false},"excerpt":{"rendered":"<p>Em pleno final de semana das m\u00e3es o clima esquentou na cidade de Santa Cruz Cabr\u00e1lia. Estamos falando da explos\u00e3o de ocorr\u00eancias violentas que assolou a cidade durante os dias 10\/05 e 11\/05, sexta-feira e s\u00e1bado respectivamente. A primeira ocorr\u00eancia aconteceu por volta das 03:00 Hrs da madrugada do dia 10\/05 onde Ivan Nascimento da [&hellip;]<\/p>\n","protected":false},"author":7,"featured_media":0,"comment_status":"closed","ping_status":"open","sticky":false,"template":"","format":"standard","meta":{"footnotes":""},"categories":[1,16],"tags":[91,304],"class_list":["post-2892","post","type-post","status-publish","format-standard","hentry","category-noticias","category-policial","tag-santa-cruz-cabralia","tag-violencia-em-santa-cruz-cabralia"],"_links":{"self":[{"href":"https:\/\/www.maisbn.com\/portal\/wp-json\/wp\/v2\/posts\/2892","targetHints":{"allow":["GET"]}}],"collection":[{"href":"https:\/\/www.maisbn.com\/portal\/wp-json\/wp\/v2\/posts"}],"about":[{"href":"https:\/\/www.maisbn.com\/portal\/wp-json\/wp\/v2\/types\/post"}],"author":[{"embeddable":true,"href":"https:\/\/www.maisbn.com\/portal\/wp-json\/wp\/v2\/users\/7"}],"replies":[{"embeddable":true,"href":"https:\/\/www.maisbn.com\/portal\/wp-json\/wp\/v2\/comments?post=2892"}],"version-history":[{"count":0,"href":"https:\/\/www.maisbn.com\/portal\/wp-json\/wp\/v2\/posts\/2892\/revisions"}],"wp:attachment":[{"href":"https:\/\/www.maisbn.com\/portal\/wp-json\/wp\/v2\/media?parent=2892"}],"wp:term":[{"taxonomy":"category","embeddable":true,"href":"https:\/\/www.maisbn.com\/portal\/wp-json\/wp\/v2\/categories?post=2892"},{"taxonomy":"post_tag","embeddable":true,"href":"https:\/\/www.maisbn.com\/portal\/wp-json\/wp\/v2\/tags?post=2892"}],"curies":[{"name":"wp","href":"https:\/\/api.w.org\/{rel}","templated":true}]}}