{"id":2858,"date":"2013-05-05T11:04:03","date_gmt":"2013-05-05T14:04:03","guid":{"rendered":"http:\/\/www.maisbn.com\/portal\/?p=2858"},"modified":"2013-05-05T11:04:03","modified_gmt":"2013-05-05T14:04:03","slug":"supermercado-do-balango-firma-parceria-com-o-abrigo-sao-vicente","status":"publish","type":"post","link":"https:\/\/www.maisbn.com\/portal\/2013\/05\/supermercado-do-balango-firma-parceria-com-o-abrigo-sao-vicente\/","title":{"rendered":"Supermercado do Balango firma parceria com o Abrigo S\u00e3o Vicente."},"content":{"rendered":"<p>O feriado come\u00e7ou logo cedo com um caf\u00e9 da manh\u00e3 que foi oferecido pelo Supermercado do Balango aos seus funcion\u00e1rios e servido na Sede do Abrigo S\u00e3o Vicente. A escolha do Abrigo S\u00e3o Vicente para este caf\u00e9 da manh\u00e3 foi intencional, pois o encontro serviu tamb\u00e9m para se firmar uma parceria solid\u00e1ria onde o Supermercado passar\u00e1 a contribuir e desenvolver projetos junto a comunidade para ajudar a manter o Abrigo.<\/p>\n<p><a href=\"http:\/\/www.maisbn.com\/portal\/wp-content\/uploads\/2013\/05\/Visita_Sao_Vicente.jpg\"><img loading=\"lazy\" decoding=\"async\" class=\"alignleft  wp-image-2859\" alt=\"Visita_Sao_Vicente\" src=\"http:\/\/www.maisbn.com\/portal\/wp-content\/uploads\/2013\/05\/Visita_Sao_Vicente.jpg\" width=\"390\" height=\"247\" srcset=\"https:\/\/www.maisbn.com\/portal\/wp-content\/uploads\/2013\/05\/Visita_Sao_Vicente.jpg 650w, https:\/\/www.maisbn.com\/portal\/wp-content\/uploads\/2013\/05\/Visita_Sao_Vicente-552x350.jpg 552w, https:\/\/www.maisbn.com\/portal\/wp-content\/uploads\/2013\/05\/Visita_Sao_Vicente-500x316.jpg 500w\" sizes=\"auto, (max-width: 390px) 100vw, 390px\" \/><\/a><\/p>\n<p>&nbsp;<\/p>\n<p>Durante o caf\u00e9 da manh\u00e3, frei Denilson, administrador do Abrigo, apresentou slides e falou um pouco da institui\u00e7\u00e3o, mostrou as condi\u00e7\u00f5es em que a sede estava quando assumiu a administra\u00e7\u00e3o e ao mesmo tempo comparou com a Sede atual, depois da grande reforma que realizou na sua gest\u00e3o. O antes e o depois mostrado na apresenta\u00e7\u00e3o deixou bem claro que antes da reforma o Abrigo n\u00e3o tinha condi\u00e7\u00f5es nenhuma de acolher nenhum idoso.<\/p>\n<p>&nbsp;<\/p>\n<p>Segundo Balanguinho, que promoveu o caf\u00e9 da manh\u00e3, sua intens\u00e3o em mostrar o Abrigo aos seus funcion\u00e1rios foi muito importante para que todos se empenhem, divulguem e participem ativamente no que for preciso para ajudar a manter o Abrigo.<\/p>\n<p>&nbsp;<\/p>\n<p>&nbsp;<\/p>\n<p>&nbsp;<\/p>\n<p><a href=\"http:\/\/www.maisbn.com\/galerias\/208\" target=\"_blank\"><img loading=\"lazy\" decoding=\"async\" class=\"aligncenter\" style=\"border: 0px none;\" alt=\"\" src=\"http:\/\/www.belmontenews.com\/imagensFCK\/image\/galeria_fotos.gif\" width=\"200\" height=\"169\" border=\"0\" \/><\/a><\/p>\n<p>&nbsp;<\/p>\n<p>&nbsp;<\/p>\n","protected":false},"excerpt":{"rendered":"<p>O feriado come\u00e7ou logo cedo com um caf\u00e9 da manh\u00e3 que foi oferecido pelo Supermercado do Balango aos seus funcion\u00e1rios e servido na Sede do Abrigo S\u00e3o Vicente. A escolha do Abrigo S\u00e3o Vicente para este caf\u00e9 da manh\u00e3 foi intencional, pois o encontro serviu tamb\u00e9m para se firmar uma parceria solid\u00e1ria onde o Supermercado [&hellip;]<\/p>\n","protected":false},"author":1,"featured_media":0,"comment_status":"closed","ping_status":"open","sticky":false,"template":"","format":"standard","meta":{"footnotes":""},"categories":[1],"tags":[369],"class_list":["post-2858","post","type-post","status-publish","format-standard","hentry","category-noticias","tag-solidariedade"],"_links":{"self":[{"href":"https:\/\/www.maisbn.com\/portal\/wp-json\/wp\/v2\/posts\/2858","targetHints":{"allow":["GET"]}}],"collection":[{"href":"https:\/\/www.maisbn.com\/portal\/wp-json\/wp\/v2\/posts"}],"about":[{"href":"https:\/\/www.maisbn.com\/portal\/wp-json\/wp\/v2\/types\/post"}],"author":[{"embeddable":true,"href":"https:\/\/www.maisbn.com\/portal\/wp-json\/wp\/v2\/users\/1"}],"replies":[{"embeddable":true,"href":"https:\/\/www.maisbn.com\/portal\/wp-json\/wp\/v2\/comments?post=2858"}],"version-history":[{"count":0,"href":"https:\/\/www.maisbn.com\/portal\/wp-json\/wp\/v2\/posts\/2858\/revisions"}],"wp:attachment":[{"href":"https:\/\/www.maisbn.com\/portal\/wp-json\/wp\/v2\/media?parent=2858"}],"wp:term":[{"taxonomy":"category","embeddable":true,"href":"https:\/\/www.maisbn.com\/portal\/wp-json\/wp\/v2\/categories?post=2858"},{"taxonomy":"post_tag","embeddable":true,"href":"https:\/\/www.maisbn.com\/portal\/wp-json\/wp\/v2\/tags?post=2858"}],"curies":[{"name":"wp","href":"https:\/\/api.w.org\/{rel}","templated":true}]}}