{"id":2795,"date":"2013-04-25T09:51:10","date_gmt":"2013-04-25T12:51:10","guid":{"rendered":"http:\/\/www.maisbn.com\/portal\/?p=2795"},"modified":"2013-04-25T09:51:10","modified_gmt":"2013-04-25T12:51:10","slug":"domingo-dia-28-eleicao-para-conselho-tutelar","status":"publish","type":"post","link":"https:\/\/www.maisbn.com\/portal\/2013\/04\/domingo-dia-28-eleicao-para-conselho-tutelar\/","title":{"rendered":"Domingo, dia 28, elei\u00e7\u00e3o para Conselho Tutelar"},"content":{"rendered":"<p>No domingo (28\/04), os belmontenses v\u00e3o eleger os conselheiros tutelares e mais\u00a0\u00a0suplentes para atuarem no Conselho Tutelar do Belmonte. Os conselheiros ser\u00e3o votados em uma \u00fanica elei\u00e7\u00e3o onde cada cidad\u00e3o poder\u00e1 escolher 5 candidatos. Promovido pela Secretaria de A\u00e7\u00e3o Social e Conselho dos Direitos da Crian\u00e7a e do Adolescente (CDCA), o processo de vota\u00e7\u00e3o \u00e9 semelhante ao realizado pelo Tribunal Regional Eleitoral (TRE). Ou seja quem for votar, ter\u00e1 que apresentar o titulo eleitoral ou documento com foto que identifique o eleitor. Em Belmonte a vota\u00e7\u00e3o ocorrer\u00e1 no Col\u00e9gio funda\u00e7\u00e3o Pedro Calmon, em Barrol\u00e2ndia na Escola Ant\u00f4nio Carlos Magalh\u00e3es e nos col\u00e9gios de Santa Maria Eterna e Boca do C\u00f3rrego.<\/p>\n<p><img loading=\"lazy\" decoding=\"async\" class=\"size-full wp-image-2800 aligncenter\" alt=\"conselho_tutelar\" src=\"http:\/\/www.maisbn.com\/portal\/wp-content\/uploads\/2013\/04\/conselho_tutelar2.jpg\" width=\"900\" height=\"1326\" srcset=\"https:\/\/www.maisbn.com\/portal\/wp-content\/uploads\/2013\/04\/conselho_tutelar2.jpg 900w, https:\/\/www.maisbn.com\/portal\/wp-content\/uploads\/2013\/04\/conselho_tutelar2-237x350.jpg 237w, https:\/\/www.maisbn.com\/portal\/wp-content\/uploads\/2013\/04\/conselho_tutelar2-475x700.jpg 475w, https:\/\/www.maisbn.com\/portal\/wp-content\/uploads\/2013\/04\/conselho_tutelar2-339x500.jpg 339w\" sizes=\"auto, (max-width: 900px) 100vw, 900px\" \/><\/p>\n","protected":false},"excerpt":{"rendered":"<p>No domingo (28\/04), os belmontenses v\u00e3o eleger os conselheiros tutelares e mais\u00a0\u00a0suplentes para atuarem no Conselho Tutelar do Belmonte. Os conselheiros ser\u00e3o votados em uma \u00fanica elei\u00e7\u00e3o onde cada cidad\u00e3o poder\u00e1 escolher 5 candidatos. Promovido pela Secretaria de A\u00e7\u00e3o Social e Conselho dos Direitos da Crian\u00e7a e do Adolescente (CDCA), o processo de vota\u00e7\u00e3o \u00e9 [&hellip;]<\/p>\n","protected":false},"author":1,"featured_media":0,"comment_status":"closed","ping_status":"open","sticky":false,"template":"","format":"standard","meta":{"footnotes":""},"categories":[1],"tags":[366],"class_list":["post-2795","post","type-post","status-publish","format-standard","hentry","category-noticias","tag-conselho-tutelar"],"_links":{"self":[{"href":"https:\/\/www.maisbn.com\/portal\/wp-json\/wp\/v2\/posts\/2795","targetHints":{"allow":["GET"]}}],"collection":[{"href":"https:\/\/www.maisbn.com\/portal\/wp-json\/wp\/v2\/posts"}],"about":[{"href":"https:\/\/www.maisbn.com\/portal\/wp-json\/wp\/v2\/types\/post"}],"author":[{"embeddable":true,"href":"https:\/\/www.maisbn.com\/portal\/wp-json\/wp\/v2\/users\/1"}],"replies":[{"embeddable":true,"href":"https:\/\/www.maisbn.com\/portal\/wp-json\/wp\/v2\/comments?post=2795"}],"version-history":[{"count":0,"href":"https:\/\/www.maisbn.com\/portal\/wp-json\/wp\/v2\/posts\/2795\/revisions"}],"wp:attachment":[{"href":"https:\/\/www.maisbn.com\/portal\/wp-json\/wp\/v2\/media?parent=2795"}],"wp:term":[{"taxonomy":"category","embeddable":true,"href":"https:\/\/www.maisbn.com\/portal\/wp-json\/wp\/v2\/categories?post=2795"},{"taxonomy":"post_tag","embeddable":true,"href":"https:\/\/www.maisbn.com\/portal\/wp-json\/wp\/v2\/tags?post=2795"}],"curies":[{"name":"wp","href":"https:\/\/api.w.org\/{rel}","templated":true}]}}