{"id":2773,"date":"2013-04-22T23:38:38","date_gmt":"2013-04-23T02:38:38","guid":{"rendered":"http:\/\/www.maisbn.com\/portal\/?p=2773"},"modified":"2013-04-22T23:38:38","modified_gmt":"2013-04-23T02:38:38","slug":"deputado-janio-natal-envia-carta-a-dilma-por-deixar-passar-em-branco-dia-do-descobrimento-do-brasil","status":"publish","type":"post","link":"https:\/\/www.maisbn.com\/portal\/2013\/04\/deputado-janio-natal-envia-carta-a-dilma-por-deixar-passar-em-branco-dia-do-descobrimento-do-brasil\/","title":{"rendered":"Deputado J\u00e2nio Natal envia carta a Dilma por deixar passar em branco Dia do Descobrimento do Brasil"},"content":{"rendered":"<p>\u201cHoje, o nosso Brasil completa 513 anos. E, infelizmente, esta data transcorrer\u00e1 como em todos os anos: sem comemora\u00e7\u00f5es \u00e0 sua altura, sem festas ou eventos que a registrem devidamente no cora\u00e7\u00e3o dos brasileiros\u201d. A queixa foi feita nesta segunda-feira (22) \u2013 data que se comemora oficialmente o an\u00fancio do descobrimento das terras brasileiras pela Coroa Portuguesa \u2013 pelo deputado federal baiano J\u00e2nio Natal (PRP).<\/p>\n<p>Segundo o parlamentar, que enviou uma carta \u00e0 presidente da Rep\u00fablica, Dilma <a href=\"http:\/\/www.maisbn.com\/portal\/wp-content\/uploads\/2013\/04\/Janio_dilma.jpg\"><img loading=\"lazy\" decoding=\"async\" class=\"alignleft  wp-image-2774\" alt=\"Janio_dilma\" src=\"http:\/\/www.maisbn.com\/portal\/wp-content\/uploads\/2013\/04\/Janio_dilma.jpg\" width=\"266\" height=\"196\" \/><\/a>Rousseff (PT), \u201co descobrimento de um pa\u00eds \u00e9 o seu nascimento para o mundo; \u00e9 a data do seu anivers\u00e1rio e merece ser dignamente comemorado\u201d. \u201cImagine V. Exa. algu\u00e9m que, todos os anos, v\u00ea o seu anivers\u00e1rio passar sem festa: sem bolo, sem velinhas, sem a alegria da comemora\u00e7\u00e3o. Assim \u00e9 o Brasil, que n\u00e3o recebe os parab\u00e9ns nem de n\u00f3s, os brasileiros, seus pr\u00f3prios filhos!\u201d, criticou.<\/p>\n<p>Para J\u00e2nio Natal, o Planalto deveria comemorar condignamente o anivers\u00e1rio do Brasil, \u201ccom vista a fomentar o patriotismo, a cidadania e o respeito ao pa\u00eds, no cora\u00e7\u00e3o dos brasileiros\u201d. \u201cEsta situa\u00e7\u00e3o precisa mudar, Sra. Presidenta! Precisamos comemorar condignamente o anivers\u00e1rio da nossa P\u00e1tria, n\u00e3o s\u00f3 para que o mundo volte os seus olhos para o Brasil, mas tamb\u00e9m e principalmente para resgatar, no cora\u00e7\u00e3o de nossa gente, os valores c\u00edvicos, como a cidadania, o patriotismo e o orgulho de sermos brasileiros!\u201d, cobrou.<\/p>\n<p>&nbsp;<\/p>\n<p><a href=\"http:\/\/www.maisbn.com\/portal\/wp-content\/uploads\/2013\/04\/Carta-JN-22-abril-Dilma.doc\">Clique aqui Leia na \u00edntegra a carta enviada a Presidenta pelo Dep. Janio Natal<\/a><\/p>\n<p>&nbsp;<\/p>\n<p>&nbsp;<\/p>\n","protected":false},"excerpt":{"rendered":"<p>\u201cHoje, o nosso Brasil completa 513 anos. E, infelizmente, esta data transcorrer\u00e1 como em todos os anos: sem comemora\u00e7\u00f5es \u00e0 sua altura, sem festas ou eventos que a registrem devidamente no cora\u00e7\u00e3o dos brasileiros\u201d. A queixa foi feita nesta segunda-feira (22) \u2013 data que se comemora oficialmente o an\u00fancio do descobrimento das terras brasileiras pela [&hellip;]<\/p>\n","protected":false},"author":1,"featured_media":0,"comment_status":"closed","ping_status":"open","sticky":false,"template":"","format":"standard","meta":{"footnotes":""},"categories":[1,7],"tags":[351,148],"class_list":["post-2773","post","type-post","status-publish","format-standard","hentry","category-noticias","category-politica","tag-deputado-janio-natal","tag-janio-natal"],"_links":{"self":[{"href":"https:\/\/www.maisbn.com\/portal\/wp-json\/wp\/v2\/posts\/2773","targetHints":{"allow":["GET"]}}],"collection":[{"href":"https:\/\/www.maisbn.com\/portal\/wp-json\/wp\/v2\/posts"}],"about":[{"href":"https:\/\/www.maisbn.com\/portal\/wp-json\/wp\/v2\/types\/post"}],"author":[{"embeddable":true,"href":"https:\/\/www.maisbn.com\/portal\/wp-json\/wp\/v2\/users\/1"}],"replies":[{"embeddable":true,"href":"https:\/\/www.maisbn.com\/portal\/wp-json\/wp\/v2\/comments?post=2773"}],"version-history":[{"count":0,"href":"https:\/\/www.maisbn.com\/portal\/wp-json\/wp\/v2\/posts\/2773\/revisions"}],"wp:attachment":[{"href":"https:\/\/www.maisbn.com\/portal\/wp-json\/wp\/v2\/media?parent=2773"}],"wp:term":[{"taxonomy":"category","embeddable":true,"href":"https:\/\/www.maisbn.com\/portal\/wp-json\/wp\/v2\/categories?post=2773"},{"taxonomy":"post_tag","embeddable":true,"href":"https:\/\/www.maisbn.com\/portal\/wp-json\/wp\/v2\/tags?post=2773"}],"curies":[{"name":"wp","href":"https:\/\/api.w.org\/{rel}","templated":true}]}}