{"id":2731,"date":"2013-04-09T15:19:25","date_gmt":"2013-04-09T18:19:25","guid":{"rendered":"http:\/\/www.maisbn.com\/portal\/?p=2731"},"modified":"2013-04-09T15:19:25","modified_gmt":"2013-04-09T18:19:25","slug":"ex-prefeito-iedo-elias-desmente-jornal-e-diz-que-tem-uma-boa-relacao-com-a-prefeita-alice-elias","status":"publish","type":"post","link":"https:\/\/www.maisbn.com\/portal\/2013\/04\/ex-prefeito-iedo-elias-desmente-jornal-e-diz-que-tem-uma-boa-relacao-com-a-prefeita-alice-elias\/","title":{"rendered":"Ex-prefeito I\u00eado Elias desmente jornal e diz que tem uma boa rela\u00e7\u00e3o com a prefeita Alice Elias."},"content":{"rendered":"<p>&nbsp;<\/p>\n<p>&nbsp;<\/p>\n<p>&nbsp;<\/p>\n<p><a href=\"http:\/\/www.maisbn.com\/portal\/wp-content\/uploads\/2012\/12\/iedo_padrao.jpg\"><img loading=\"lazy\" decoding=\"async\" class=\"size-full wp-image-1887 alignleft\" alt=\"iedo_padrao\" src=\"http:\/\/www.maisbn.com\/portal\/wp-content\/uploads\/2012\/12\/iedo_padrao.jpg\" width=\"320\" height=\"240\" \/><\/a>No come\u00e7o desta tarde o ex-prefeito de Belmonte, Dr. I\u00eado Elias, entrou em contato com nossa reda\u00e7\u00e3o e desmentiu a noticia divulgada pelo Jornal A Gazeta da Bahia de que o mesmo estaria revoltado com a prefeita Alice Elias e que agiria com firmeza contra a atual administra\u00e7\u00e3o, por se considerar traido pela atual prefeita.<\/p>\n<p>O ex-prefeito afirmou por telefone que n\u00e3o deu nenhuma entrevista sobre o assunto ao jornal e informou que tem uma \u00f3tima rela\u00e7\u00e3o<\/p>\n<p>com a prefeita Alice Elias e torce muito para que a mesma fa\u00e7a um \u00f3timo governo. I\u00eado Elias ainda informou que est\u00e1 tentando entrar em contato com o jornal para que o mesmo retire a not\u00edcia do ar, j\u00e1 que, o fato n\u00e3o condiz com a realidade.<\/p>\n<p>A noticia que, segundo o ex-prefeito I\u00eado Elias \u00e9 mentirosa, causou um reboli\u00e7o na vida pol\u00edtica belmontense e deixou os belmontenses apreensivos com uma suposta guerra pol\u00edtica que poderia acontecer entre o ex-prefeito e sua sucessora. A declara\u00e7\u00e3o do ex-prefeito mostra que o grupo est\u00e1 unido e que n\u00e3o h\u00e1 desaven\u00e7as politicas como a oposi\u00e7\u00e3o vinha comentando na cidade.<\/p>\n","protected":false},"excerpt":{"rendered":"<p>&nbsp; &nbsp; &nbsp; No come\u00e7o desta tarde o ex-prefeito de Belmonte, Dr. I\u00eado Elias, entrou em contato com nossa reda\u00e7\u00e3o e desmentiu a noticia divulgada pelo Jornal A Gazeta da Bahia de que o mesmo estaria revoltado com a prefeita Alice Elias e que agiria com firmeza contra a atual administra\u00e7\u00e3o, por se considerar traido [&hellip;]<\/p>\n","protected":false},"author":7,"featured_media":0,"comment_status":"closed","ping_status":"open","sticky":false,"template":"","format":"standard","meta":{"footnotes":""},"categories":[1,7],"tags":[44,299],"class_list":["post-2731","post","type-post","status-publish","format-standard","hentry","category-noticias","category-politica","tag-belmonte-ba","tag-prefeito-iedo-elias"],"_links":{"self":[{"href":"https:\/\/www.maisbn.com\/portal\/wp-json\/wp\/v2\/posts\/2731","targetHints":{"allow":["GET"]}}],"collection":[{"href":"https:\/\/www.maisbn.com\/portal\/wp-json\/wp\/v2\/posts"}],"about":[{"href":"https:\/\/www.maisbn.com\/portal\/wp-json\/wp\/v2\/types\/post"}],"author":[{"embeddable":true,"href":"https:\/\/www.maisbn.com\/portal\/wp-json\/wp\/v2\/users\/7"}],"replies":[{"embeddable":true,"href":"https:\/\/www.maisbn.com\/portal\/wp-json\/wp\/v2\/comments?post=2731"}],"version-history":[{"count":0,"href":"https:\/\/www.maisbn.com\/portal\/wp-json\/wp\/v2\/posts\/2731\/revisions"}],"wp:attachment":[{"href":"https:\/\/www.maisbn.com\/portal\/wp-json\/wp\/v2\/media?parent=2731"}],"wp:term":[{"taxonomy":"category","embeddable":true,"href":"https:\/\/www.maisbn.com\/portal\/wp-json\/wp\/v2\/categories?post=2731"},{"taxonomy":"post_tag","embeddable":true,"href":"https:\/\/www.maisbn.com\/portal\/wp-json\/wp\/v2\/tags?post=2731"}],"curies":[{"name":"wp","href":"https:\/\/api.w.org\/{rel}","templated":true}]}}