{"id":2701,"date":"2013-04-05T09:02:11","date_gmt":"2013-04-05T12:02:11","guid":{"rendered":"http:\/\/www.maisbn.com\/portal\/?p=2701"},"modified":"2013-04-05T09:09:03","modified_gmt":"2013-04-05T12:09:03","slug":"numero-de-homicidios-vem-caindo-em-porto-seguro-diz-comandante-do-8o-bpm","status":"publish","type":"post","link":"https:\/\/www.maisbn.com\/portal\/2013\/04\/numero-de-homicidios-vem-caindo-em-porto-seguro-diz-comandante-do-8o-bpm\/","title":{"rendered":"N\u00famero de homic\u00eddios vem caindo em Porto Seguro, diz comandante do 8\u00ba BPM"},"content":{"rendered":"<p>&nbsp;<\/p>\n<p>&nbsp;<\/p>\n<p><a href=\"http:\/\/www.maisbn.com\/portal\/wp-content\/uploads\/2013\/04\/comandante_p.jpg\"><img loading=\"lazy\" decoding=\"async\" class=\"alignleft size-full wp-image-2702\" alt=\"comandante_p\" src=\"http:\/\/www.maisbn.com\/portal\/wp-content\/uploads\/2013\/04\/comandante_p.jpg\" width=\"300\" height=\"225\" \/><\/a><\/p>\n<p>Desde que foi inaugurada a Base Comunit\u00e1ria de Seguran\u00e7a, no dia 28 de janeiro deste ano, n\u00e3o \u00e9 registrado homic\u00eddio na \u00e1rea do Complexo Baian\u00e3o, em Porto Seguro.<\/p>\n<p>A afirma\u00e7\u00e3o \u00e9 do novo comandante do 8\u00ba Batalh\u00e3o de Pol\u00edcia Militar, tenente-coronel Valter Serpa de Oliveira Filho, que assumiu o cargo no dia 18 de mar\u00e7o.<\/p>\n<p>\u201cH\u00e1 60 dias n\u00e3o acontece um homic\u00eddio na \u00e1rea correspondente \u00e0 Base Comunit\u00e1ria do Baian\u00e3o. Creio que nunca houve dados estat\u00edsticos t\u00e3o favor\u00e1veis quanto este\u201d, ressaltou.<\/p>\n<p>Ele revelou ainda que os \u00edndices mostram uma redu\u00e7\u00e3o da criminalidade no munic\u00edpio. \u201cEm janeiro houve 11 homic\u00eddios, em fevereiro foram 8 casos e em mar\u00e7o, de 5 a 6. \u00c9 uma tend\u00eancia de baixa muito grande e, com as parcerias que estamos buscando, acho que vamos melhorar ainda mais esses \u00edndices\u201d, salientou.<\/p>\n<p>\u201c<\/p>\n<p>A Base Comunit\u00e1ria do Baian\u00e3o est\u00e1 comprovando a sua efic\u00e1cia e creio que \u00e9 um caminho sem volta. O ideal \u00e9 que tiv\u00e9ssemos a possibilidade de aumentar o n\u00famero de bases comunit\u00e1rias\u201d, comentou.<br \/>\nDe acordo com o tenente-coronel Serpa, n\u00e3o se trata simplesmente de implantar uma base comunit\u00e1ria, mas de tudo o que vem junto com ela.<\/p>\n<p>\u201cA base comunit\u00e1ria se prop\u00f5e a ser o carro-chefe da seguran\u00e7a e da tranquilidade p\u00fablica, mas tem que ser atrelada \u00e0 parte de ilumina\u00e7\u00e3o p\u00fablica, de saneamento b\u00e1sico, de pol\u00edticas p\u00fablicas, e isso tudo estamos buscando atrav\u00e9s de parcerias\u201d, comentou.<\/p>\n<p><b>Onda de assaltos<\/b><\/p>\n<p>&nbsp;<\/p>\n<p>Apesar dos n\u00fameros favor\u00e1veis divulgados pelo tenente-coronel Serpa, moradores afirmam que houve um aumento consider\u00e1vel de assaltos no Complexo do Baian\u00e3o, especialmente durante o feriado da Semana Santa. Segundo relatos de comerciantes do bairro e dos pr\u00f3prios moradores, nesse per\u00edodo teriam sido contabilizados mais de dez casos de roubos.<\/p>\n<p>O comandante do 8\u00ba BPM afirma que foram registradas ocorr\u00eancias, mas n\u00e3o nessa quantidade. \u201cAconteceram alguns il\u00edcitos que, na maioria dos casos, foram repelidos. As estat\u00edsticas dizem que em quase 90% dos casos os autores foram localizados, os objetos foram recuperados e as drogas, apreendidas\u201d, disse, garantindo que o n\u00famero de ocorr\u00eancias n\u00e3o fugiu \u00e0 normalidade nesse per\u00edodo. \u201cAconteceu uma tentativa de assalto contra um estabelecimento comercial que imediatamente foi recha\u00e7ada pela pol\u00edcia, inclusive alguns meliantes foram v\u00edtimas. Houve tamb\u00e9m outras ocorr\u00eancias, mas todas foram atendidas de pronto\u201d, reiterou.<\/p>\n<p>Com rela\u00e7\u00e3o a uma tentativa de sequestro rel\u00e2mpago contra o dono de um supermercado, ocorrida no centro, o tenente-coronel Serpa disse que os criminosos foram presos dois quil\u00f4metros depois de onde o carro foi tomado de assalto, o ve\u00edcu<\/p>\n<p>&nbsp;<\/p>\n<p>lo foi recuperado e a v\u00edtima saiu ilesa.<\/p>\n<p><b>Cabr\u00e1lia<\/b><\/p>\n<p>Em Santa Cruz Cabr\u00e1lia, os moradores reclamam do aumento da criminalidade no munic\u00edpio desde que a Base Comunit\u00e1ria foi instalada no Baian\u00e3o. \u201cQuando a Pol\u00edcia Militar atua em um lugar, a criminalidade migra para outro. Isso ocorreu em Salvador e tamb\u00e9m no Rio\u201d, lembrou o tenente-coronel.<\/p>\n<p>Para coibir essa migra\u00e7\u00e3o, j\u00e1 est\u00e1 havendo um refor\u00e7o no policiamento nas regi\u00f5es localizadas ao Norte e ao Sul de Porto Seguro. \u201cA Companhia de A\u00e7\u00f5es T\u00e1ticas (Caema) j\u00e1 est\u00e1 atuando no distrito de Trancoso, em Cabr\u00e1lia e Belmonte\u201d, explicou o comandante, ressaltando que, estatisticamente, n\u00e3o h\u00e1 registro de aumento no \u00edndice de criminalidade nesses locais. \u201cEstamos fazendo um levantamento e j\u00e1 realizamos algumas a\u00e7\u00f5es nesses lugares.\u201d<\/p>\n","protected":false},"excerpt":{"rendered":"<p>&nbsp; &nbsp; Desde que foi inaugurada a Base Comunit\u00e1ria de Seguran\u00e7a, no dia 28 de janeiro deste ano, n\u00e3o \u00e9 registrado homic\u00eddio na \u00e1rea do Complexo Baian\u00e3o, em Porto Seguro. A afirma\u00e7\u00e3o \u00e9 do novo comandante do 8\u00ba Batalh\u00e3o de Pol\u00edcia Militar, tenente-coronel Valter Serpa de Oliveira Filho, que assumiu o cargo no dia 18 [&hellip;]<\/p>\n","protected":false},"author":7,"featured_media":0,"comment_status":"closed","ping_status":"open","sticky":false,"template":"","format":"standard","meta":{"footnotes":""},"categories":[1,7],"tags":[108,230,178,91],"class_list":["post-2701","post","type-post","status-publish","format-standard","hentry","category-noticias","category-politica","tag-belmonte","tag-costa-do-descobrimento","tag-porto-seguro","tag-santa-cruz-cabralia"],"_links":{"self":[{"href":"https:\/\/www.maisbn.com\/portal\/wp-json\/wp\/v2\/posts\/2701","targetHints":{"allow":["GET"]}}],"collection":[{"href":"https:\/\/www.maisbn.com\/portal\/wp-json\/wp\/v2\/posts"}],"about":[{"href":"https:\/\/www.maisbn.com\/portal\/wp-json\/wp\/v2\/types\/post"}],"author":[{"embeddable":true,"href":"https:\/\/www.maisbn.com\/portal\/wp-json\/wp\/v2\/users\/7"}],"replies":[{"embeddable":true,"href":"https:\/\/www.maisbn.com\/portal\/wp-json\/wp\/v2\/comments?post=2701"}],"version-history":[{"count":0,"href":"https:\/\/www.maisbn.com\/portal\/wp-json\/wp\/v2\/posts\/2701\/revisions"}],"wp:attachment":[{"href":"https:\/\/www.maisbn.com\/portal\/wp-json\/wp\/v2\/media?parent=2701"}],"wp:term":[{"taxonomy":"category","embeddable":true,"href":"https:\/\/www.maisbn.com\/portal\/wp-json\/wp\/v2\/categories?post=2701"},{"taxonomy":"post_tag","embeddable":true,"href":"https:\/\/www.maisbn.com\/portal\/wp-json\/wp\/v2\/tags?post=2701"}],"curies":[{"name":"wp","href":"https:\/\/api.w.org\/{rel}","templated":true}]}}