{"id":2660,"date":"2013-03-28T13:37:11","date_gmt":"2013-03-28T16:37:11","guid":{"rendered":"http:\/\/www.maisbn.com\/portal\/?p=2660"},"modified":"2013-03-28T13:37:11","modified_gmt":"2013-03-28T16:37:11","slug":"policia-investiga-como-celulares-entraram-em-cela","status":"publish","type":"post","link":"https:\/\/www.maisbn.com\/portal\/2013\/03\/policia-investiga-como-celulares-entraram-em-cela\/","title":{"rendered":"Pol\u00edcia investiga como celulares entraram em cela."},"content":{"rendered":"<p><a href=\"http:\/\/www.maisbn.com\/portal\/wp-content\/uploads\/2013\/03\/celular_cabralia.jpg\"><img loading=\"lazy\" decoding=\"async\" class=\"aligncenter size-full wp-image-2661\" alt=\"celular_cabralia\" src=\"http:\/\/www.maisbn.com\/portal\/wp-content\/uploads\/2013\/03\/celular_cabralia.jpg\" width=\"640\" height=\"480\" srcset=\"https:\/\/www.maisbn.com\/portal\/wp-content\/uploads\/2013\/03\/celular_cabralia.jpg 640w, https:\/\/www.maisbn.com\/portal\/wp-content\/uploads\/2013\/03\/celular_cabralia-466x350.jpg 466w, https:\/\/www.maisbn.com\/portal\/wp-content\/uploads\/2013\/03\/celular_cabralia-500x375.jpg 500w\" sizes=\"auto, (max-width: 640px) 100vw, 640px\" \/><\/a><\/p>\n<p>O delegado Sin\u00e9zio Vieira J\u00fanior, titular da Delegacia Territorial (DT) de Santa Cruz Cabr\u00e1lia, instaurou inqu\u00e9rito policial para descobrir como tr\u00eas celulares, encontrados em poder dos presos durante revista de rotina, chegaram \u00e0s m\u00e3os dos custodiados da unidade policial.<\/p>\n<p>Segundo a Assessoria de Comunica\u00e7\u00e3o da Pol\u00edcia Civil aiana, os aparelhos, tr\u00eas carregadores e cinco chips de v\u00e1rias operadoras estavam escondidos num buraco cavado pelos detentos na parede da cela tr\u00eas.<\/p>\n<p>Ainda de acordo com a informa\u00e7\u00e3o, na carceragem da unidade policial estavam os presos Silvado Nunes Alves, Silas Aquino Fernandes, Wadson Souza Chaves, Josias de Aquino e Gilmar Concei\u00e7\u00e3o Rios, todos indiciados com base no artigo 50 do c\u00f3digo penal, que considera falta grave a posse de aparelho que permita a comunica\u00e7\u00e3o com outros presos ou com o ambiente externo.<\/p>\n<p>O delegado tamb\u00e9m vai investigar se houve coniv\u00eancia de algum servidor e, caso seja comprovada a participa\u00e7\u00e3o, ele ser\u00e1 responsabilizado administrativa e criminalmente, respondendo por prevarica\u00e7\u00e3o. Todo material apreendido ser\u00e1 periciado no Departamento de Pol\u00edcia T\u00e9cnica (DPT).<\/p>\n","protected":false},"excerpt":{"rendered":"<p>O delegado Sin\u00e9zio Vieira J\u00fanior, titular da Delegacia Territorial (DT) de Santa Cruz Cabr\u00e1lia, instaurou inqu\u00e9rito policial para descobrir como tr\u00eas celulares, encontrados em poder dos presos durante revista de rotina, chegaram \u00e0s m\u00e3os dos custodiados da unidade policial. Segundo a Assessoria de Comunica\u00e7\u00e3o da Pol\u00edcia Civil aiana, os aparelhos, tr\u00eas carregadores e cinco chips [&hellip;]<\/p>\n","protected":false},"author":7,"featured_media":0,"comment_status":"closed","ping_status":"open","sticky":false,"template":"","format":"standard","meta":{"footnotes":""},"categories":[16],"tags":[195,91],"class_list":["post-2660","post","type-post","status-publish","format-standard","hentry","category-policial","tag-policia-em-cabralia","tag-santa-cruz-cabralia"],"_links":{"self":[{"href":"https:\/\/www.maisbn.com\/portal\/wp-json\/wp\/v2\/posts\/2660","targetHints":{"allow":["GET"]}}],"collection":[{"href":"https:\/\/www.maisbn.com\/portal\/wp-json\/wp\/v2\/posts"}],"about":[{"href":"https:\/\/www.maisbn.com\/portal\/wp-json\/wp\/v2\/types\/post"}],"author":[{"embeddable":true,"href":"https:\/\/www.maisbn.com\/portal\/wp-json\/wp\/v2\/users\/7"}],"replies":[{"embeddable":true,"href":"https:\/\/www.maisbn.com\/portal\/wp-json\/wp\/v2\/comments?post=2660"}],"version-history":[{"count":0,"href":"https:\/\/www.maisbn.com\/portal\/wp-json\/wp\/v2\/posts\/2660\/revisions"}],"wp:attachment":[{"href":"https:\/\/www.maisbn.com\/portal\/wp-json\/wp\/v2\/media?parent=2660"}],"wp:term":[{"taxonomy":"category","embeddable":true,"href":"https:\/\/www.maisbn.com\/portal\/wp-json\/wp\/v2\/categories?post=2660"},{"taxonomy":"post_tag","embeddable":true,"href":"https:\/\/www.maisbn.com\/portal\/wp-json\/wp\/v2\/tags?post=2660"}],"curies":[{"name":"wp","href":"https:\/\/api.w.org\/{rel}","templated":true}]}}