{"id":2652,"date":"2013-03-26T18:46:35","date_gmt":"2013-03-26T21:46:35","guid":{"rendered":"http:\/\/www.maisbn.com\/portal\/?p=2652"},"modified":"2013-03-26T18:46:35","modified_gmt":"2013-03-26T21:46:35","slug":"belmonte-recebe-a-iii-edicao-da-caravana-cultural","status":"publish","type":"post","link":"https:\/\/www.maisbn.com\/portal\/2013\/03\/belmonte-recebe-a-iii-edicao-da-caravana-cultural\/","title":{"rendered":"Belmonte recebe a III edi\u00e7\u00e3o da Caravana Cultural"},"content":{"rendered":"<p>Depois de Porto Seguro, Santa Cruz Cabr\u00e1lia e Itapebi, foi a vez de Belmonte receber a III Caravana Cultural.<\/p>\n<p>&nbsp;<\/p>\n<p>A Caravana visitou v\u00e1rios pontos da cidade, dentre eles o Studio Riso que a 6 anos ensina cultura, educa\u00e7\u00e3o e ecologia \u00e0s crian\u00e7as do munic\u00edpio. Com o lema \u201cGenerosidade n\u00e3o \u00e9 apenas doar objetos, mas tamb\u00e9m gestos de gentileza para o mundo\u201d, o Studio Riso verdadeiramente pratica o que prega. A associa\u00e7\u00e3o oferece aulas gratuitas de m\u00fasica, ingl\u00eas, artesanato e refor\u00e7o escolar para crian\u00e7as da regi\u00e3o. \u201cEnsinamos o que eles geralmente n\u00e3o aprendem na escola\u201d disse Rosvita, que nos recebeu na institui\u00e7\u00e3o idealizada por Maur\u00edcio e Tata. O Studio Riso tamb\u00e9m possui um coral de 76 crian\u00e7as sendo que 16 delas se apresentaram para a Caravana, cantando Alma Brasileira, m\u00fasica composta pelo Ralf, artista local.<a href=\"http:\/\/www.maisbn.com\/portal\/wp-content\/uploads\/2013\/03\/Caravana_III_59.jpg\"><img loading=\"lazy\" decoding=\"async\" class=\"alignright  wp-image-2653\" alt=\"Caravana_III_59\" src=\"http:\/\/www.maisbn.com\/portal\/wp-content\/uploads\/2013\/03\/Caravana_III_59.jpg\" width=\"456\" height=\"288\" srcset=\"https:\/\/www.maisbn.com\/portal\/wp-content\/uploads\/2013\/03\/Caravana_III_59.jpg 652w, https:\/\/www.maisbn.com\/portal\/wp-content\/uploads\/2013\/03\/Caravana_III_59-553x350.jpg 553w, https:\/\/www.maisbn.com\/portal\/wp-content\/uploads\/2013\/03\/Caravana_III_59-500x315.jpg 500w\" sizes=\"auto, (max-width: 456px) 100vw, 456px\" \/><\/a><\/p>\n<p>&nbsp;<\/p>\n<p>Na sequencia a Caravana fez uma visita a Associa\u00e7\u00e3o Lar da Menina uma institui\u00e7\u00e3o que acolhe 80 crian\u00e7as de 7 a 13 anos. O Lar foi fundado h\u00e1 treze anos e h\u00e1 cinco atua em Belmonte, sob o olhar cuidadoso e dedicado das idealizadoras Dayse e Belenita. L\u00e1, s\u00e3o ministradas aulas de inform\u00e1tica, m\u00fasica, artes e refor\u00e7o escolar. Para serem aceitas no Lar Da Menina, as crian\u00e7as devem estar inseridas numa \u00e1rea de risco, seja por falta de alimenta\u00e7\u00e3o, drogas ou viol\u00eancia e devem estar matriculadas na escola, possuindo boas notas. O espa\u00e7o da institui\u00e7\u00e3o \u00e9 grande e arborizado e nos sensibilizou o cuidado e carinho de Dayse e Benelita ao nos mostrar o local e falar sobre as crian\u00e7as.<\/p>\n<p>&nbsp;<\/p>\n<p>A Caravana cultural tamb\u00e9m visitou o centro de Cer\u00e2mica Quatorze Irm\u00e3os, que segundo a assessoria de imprensa da Caravana foi um dos pontos altos da visita a Belmonte.\u00a0Dona Dagmar Muniz \u00e9 a talentosa fundadora do local e, aos 72 anos, trabalha o barro com agilidade de menina. Seu amor pelo trabalho com a cer\u00e2mica tocou a todos da equipe, que ficou impressionada com a beleza e impon\u00eancia dos enormes vasos, dentre outras esculturas. Durante uma demonstra\u00e7\u00e3o de como fazer a cer\u00e2mica, dona Dagmar nos contou seu maior sonho: fazer do espa\u00e7o uma escola de cer\u00e2mica onde pudesse passar seu conhecimento para os jovens, perpetuando sua cultura pelas pr\u00f3ximas gera\u00e7\u00f5es. A prefeita de Belmonte Alice Brito, que estava presente no local, prometeu a cria\u00e7\u00e3o da escola para dona Dagmar e para o p\u00fablico que ali estava.<\/p>\n<p>&nbsp;<\/p>\n<p><a href=\"http:\/\/www.maisbn.com\/portal\/wp-content\/uploads\/2013\/03\/Caravana_III_11.jpg\"><img loading=\"lazy\" decoding=\"async\" class=\"alignleft  wp-image-2654\" alt=\"Caravana_III_11\" src=\"http:\/\/www.maisbn.com\/portal\/wp-content\/uploads\/2013\/03\/Caravana_III_11.jpg\" width=\"456\" height=\"288\" srcset=\"https:\/\/www.maisbn.com\/portal\/wp-content\/uploads\/2013\/03\/Caravana_III_11.jpg 652w, https:\/\/www.maisbn.com\/portal\/wp-content\/uploads\/2013\/03\/Caravana_III_11-553x350.jpg 553w, https:\/\/www.maisbn.com\/portal\/wp-content\/uploads\/2013\/03\/Caravana_III_11-500x315.jpg 500w\" sizes=\"auto, (max-width: 456px) 100vw, 456px\" \/><\/a>\u00c0 noite, na Pra\u00e7a S\u00e3o Sebasti\u00e3o no centro da cidade, o povo belmontense mostrou sua imensa riqueza cultural. Foi realizada uma verdadeira festa na pra\u00e7a da cidade. A c\u00e9u aberto, tendo como fundo as charmosas ruas de pedra do munic\u00edpio, a equipe da III Caravana Cultural assistiu apresenta\u00e7\u00f5es caprichadas. Dentre elas, a Filarm\u00f4nica Lyra Popular de Belmonte, a Filarm\u00f4nica 15 de setembro, o Ballet da Equipe Riso composto de alunos do Studio Riso, o afox\u00e9 dos Netos de Gandhi, o grupo Negros Africanos, a batucada Nova Rainha do Samba e a fanfarra Bamtib.<\/p>\n<p>Ap\u00f3s as apresenta\u00e7\u00f5es, todos seguiram para o Espa\u00e7o de eventos da Loja Ma\u00e7\u00f4nica onde foi realizado um debate com o Secret\u00e1rio de Cultura Albino Rubim onde o foco foi a rela\u00e7\u00e3o entre a Cultura e o Turismo.<\/p>\n<p>&nbsp;<\/p>\n<p>Dentre as quest\u00f5es levantadas, est\u00e1 a subordina\u00e7\u00e3o da cultura da Bahia ao turismo, o que acaba gerando o estere\u00f3tipo da monocultura. Por diversas vezes, quando a cultura do Estado \u00e9 pensada, ela limita-se \u00e0 cultura negra, o que ignora o fato de que a Bahia \u00e9 rica em diversidade cultural, como exemplo as culturas ind\u00edgena, sertaneja e a cigana. Outro ponto tocado foi o fato de que Belmonte \u00e9 uma cidade com um rico centro hist\u00f3rico, sendo assim, as a\u00e7\u00f5es voltadas para o turismo devem ser pensadas de forma a valorizar este fato. \u201cO turismo de Belmonte n\u00e3o deve concorrer com o de cidades praianas\u201d disse Albino Rubim.<\/p>\n<p>&nbsp;<\/p>\n<address>Fotos: Silvano J\u00fanior \/ Informa\u00e7\u00f5es site http:\/\/caravanaculturalsecultba.wordpress.com\/<\/address>\n<p>&nbsp;<\/p>\n<p><a href=\"http:\/\/www.maisbn.com\/galerias\/198\" target=\"_blank\"><img loading=\"lazy\" decoding=\"async\" style=\"border: 0px none;\" alt=\"\" src=\"http:\/\/www.belmontenews.com\/imagensFCK\/image\/galeria_fotos.gif\" width=\"200\" height=\"169\" border=\"0\" \/><\/a><\/p>\n","protected":false},"excerpt":{"rendered":"<p>Depois de Porto Seguro, Santa Cruz Cabr\u00e1lia e Itapebi, foi a vez de Belmonte receber a III Caravana Cultural. &nbsp; A Caravana visitou v\u00e1rios pontos da cidade, dentre eles o Studio Riso que a 6 anos ensina cultura, educa\u00e7\u00e3o e ecologia \u00e0s crian\u00e7as do munic\u00edpio. Com o lema \u201cGenerosidade n\u00e3o \u00e9 apenas doar objetos, mas [&hellip;]<\/p>\n","protected":false},"author":1,"featured_media":0,"comment_status":"closed","ping_status":"open","sticky":false,"template":"","format":"standard","meta":{"footnotes":""},"categories":[1],"tags":[55,354],"class_list":["post-2652","post","type-post","status-publish","format-standard","hentry","category-noticias","tag-cultura","tag-iii-caravana-da-cultura"],"_links":{"self":[{"href":"https:\/\/www.maisbn.com\/portal\/wp-json\/wp\/v2\/posts\/2652","targetHints":{"allow":["GET"]}}],"collection":[{"href":"https:\/\/www.maisbn.com\/portal\/wp-json\/wp\/v2\/posts"}],"about":[{"href":"https:\/\/www.maisbn.com\/portal\/wp-json\/wp\/v2\/types\/post"}],"author":[{"embeddable":true,"href":"https:\/\/www.maisbn.com\/portal\/wp-json\/wp\/v2\/users\/1"}],"replies":[{"embeddable":true,"href":"https:\/\/www.maisbn.com\/portal\/wp-json\/wp\/v2\/comments?post=2652"}],"version-history":[{"count":0,"href":"https:\/\/www.maisbn.com\/portal\/wp-json\/wp\/v2\/posts\/2652\/revisions"}],"wp:attachment":[{"href":"https:\/\/www.maisbn.com\/portal\/wp-json\/wp\/v2\/media?parent=2652"}],"wp:term":[{"taxonomy":"category","embeddable":true,"href":"https:\/\/www.maisbn.com\/portal\/wp-json\/wp\/v2\/categories?post=2652"},{"taxonomy":"post_tag","embeddable":true,"href":"https:\/\/www.maisbn.com\/portal\/wp-json\/wp\/v2\/tags?post=2652"}],"curies":[{"name":"wp","href":"https:\/\/api.w.org\/{rel}","templated":true}]}}