{"id":2642,"date":"2013-03-26T12:31:43","date_gmt":"2013-03-26T15:31:43","guid":{"rendered":"http:\/\/www.maisbn.com\/portal\/?p=2642"},"modified":"2013-03-26T12:31:43","modified_gmt":"2013-03-26T15:31:43","slug":"micos-leoes-sao-capturados-no-rio-e-transferidos-para-belmonte","status":"publish","type":"post","link":"https:\/\/www.maisbn.com\/portal\/2013\/03\/micos-leoes-sao-capturados-no-rio-e-transferidos-para-belmonte\/","title":{"rendered":"Micos-le\u00f5es s\u00e3o capturados no Rio e transferidos para Belmonte"},"content":{"rendered":"<p>Para evitar um desequil\u00edbrio ecol\u00f3gico, micos-le\u00f5es-da-cara-dourada que vivem em \u00e1reas de Mata Atl\u00e2ntica de Niter\u00f3i, S\u00e3o Gon\u00e7alo e Maric\u00e1, na Regi\u00e3o Metropolitana do Rio, est\u00e3o sendo capturados com armadilhas especiais, que n\u00e3o machucam, e transferidos para um de seus h\u00e1bitats naturais, no munic\u00edpio baiano de Belmonte. J\u00e1 foram capturados 104 animais, de uma\u00a0popula\u00e7\u00e3o\u00a0estimada em cerca de 200 micos.<br \/>\n<a href=\"http:\/\/www.maisbn.com\/portal\/wp-content\/uploads\/2013\/03\/micos.jpg\"><img loading=\"lazy\" decoding=\"async\" class=\"alignleft size-full wp-image-2643\" alt=\"micos\" src=\"http:\/\/www.maisbn.com\/portal\/wp-content\/uploads\/2013\/03\/micos.jpg\" width=\"300\" height=\"225\" \/><\/a><br \/>\nOs micos-le\u00f5es-da-cara-dourada est\u00e3o amea\u00e7ados de extin\u00e7\u00e3o e foram parar no Estado do Rio devido ao tr\u00e1fico de animais. Os primeiros animais foram identificados na regi\u00e3o em 2002, no Parque Estadual da Serra da Tiririca. A procria\u00e7\u00e3o desse grupo amea\u00e7a os micos-le\u00f5es-dourados que moram na mesma regi\u00e3o, de onde s\u00e3o origin\u00e1rios, e tamb\u00e9m est\u00e3o sob risco de extin\u00e7\u00e3o. As duas esp\u00e9cies disputam os mesmos alimentos (frutos e insetos) e usam locais id\u00eanticos para dormir. Por serem do mesmo g\u00eanero (Leontopithecus), os micos podem se acasalar, dando origem a h\u00edbridos que potencialmente ocupariam a \u00e1rea e representariam nova amea\u00e7a ao mico-le\u00e3o-dourado.<\/p>\n<p>O recolhimento dos micos, realizado pela ONG Instituto Pri-Matas, come\u00e7ou em junho de 2012. Os micos\u00a0saud\u00e1veis\u00a0s\u00e3o levados de avi\u00e3o a Belmonte, onde ocupam uma \u00e1rea de Mata Atl\u00e2ntica protegida. R\u00e1dios-colares s\u00e3o instalados em alguns animais para monitoramento. Os gastos com exames e transporte s\u00e3o custeados por um grupo de empresas e institui\u00e7\u00f5es que\u00a0participam\u00a0do projeto.<\/p>\n<p>Dos 104 animais capturados, 66 j\u00e1 foram encaminhados para a Bahia, 17 est\u00e3o fazendo exames e 21 est\u00e3o em\u00a0tratamento\u00a0m\u00e9dico. O Instituto Pri-Matas avalia que at\u00e9 o fim do ano todos os animais devem ser capturados. No in\u00edcio deste m\u00eas foram observados os primeiros filhotes dos grupos soltos na Bahia, uma indica\u00e7\u00e3o de que a adapta\u00e7\u00e3o dos micos-le\u00f5es-da-cara-dourada foi bem sucedida.<\/p>\n<p>&nbsp;<\/p>\n<address>Fonte: Radar 64<\/address>\n<p>&nbsp;<\/p>\n<p>&nbsp;<\/p>\n","protected":false},"excerpt":{"rendered":"<p>Para evitar um desequil\u00edbrio ecol\u00f3gico, micos-le\u00f5es-da-cara-dourada que vivem em \u00e1reas de Mata Atl\u00e2ntica de Niter\u00f3i, S\u00e3o Gon\u00e7alo e Maric\u00e1, na Regi\u00e3o Metropolitana do Rio, est\u00e3o sendo capturados com armadilhas especiais, que n\u00e3o machucam, e transferidos para um de seus h\u00e1bitats naturais, no munic\u00edpio baiano de Belmonte. J\u00e1 foram capturados 104 animais, de uma\u00a0popula\u00e7\u00e3o\u00a0estimada em cerca [&hellip;]<\/p>\n","protected":false},"author":1,"featured_media":0,"comment_status":"closed","ping_status":"open","sticky":false,"template":"","format":"standard","meta":{"footnotes":""},"categories":[1],"tags":[241],"class_list":["post-2642","post","type-post","status-publish","format-standard","hentry","category-noticias","tag-meio-ambiente-2"],"_links":{"self":[{"href":"https:\/\/www.maisbn.com\/portal\/wp-json\/wp\/v2\/posts\/2642","targetHints":{"allow":["GET"]}}],"collection":[{"href":"https:\/\/www.maisbn.com\/portal\/wp-json\/wp\/v2\/posts"}],"about":[{"href":"https:\/\/www.maisbn.com\/portal\/wp-json\/wp\/v2\/types\/post"}],"author":[{"embeddable":true,"href":"https:\/\/www.maisbn.com\/portal\/wp-json\/wp\/v2\/users\/1"}],"replies":[{"embeddable":true,"href":"https:\/\/www.maisbn.com\/portal\/wp-json\/wp\/v2\/comments?post=2642"}],"version-history":[{"count":0,"href":"https:\/\/www.maisbn.com\/portal\/wp-json\/wp\/v2\/posts\/2642\/revisions"}],"wp:attachment":[{"href":"https:\/\/www.maisbn.com\/portal\/wp-json\/wp\/v2\/media?parent=2642"}],"wp:term":[{"taxonomy":"category","embeddable":true,"href":"https:\/\/www.maisbn.com\/portal\/wp-json\/wp\/v2\/categories?post=2642"},{"taxonomy":"post_tag","embeddable":true,"href":"https:\/\/www.maisbn.com\/portal\/wp-json\/wp\/v2\/tags?post=2642"}],"curies":[{"name":"wp","href":"https:\/\/api.w.org\/{rel}","templated":true}]}}