{"id":2629,"date":"2013-03-19T17:01:47","date_gmt":"2013-03-19T20:01:47","guid":{"rendered":"http:\/\/www.maisbn.com\/portal\/?p=2629"},"modified":"2013-03-19T17:03:22","modified_gmt":"2013-03-19T20:03:22","slug":"trabalhadores-do-setor-operacional-da-veracel-entram-em-greve","status":"publish","type":"post","link":"https:\/\/www.maisbn.com\/portal\/2013\/03\/trabalhadores-do-setor-operacional-da-veracel-entram-em-greve\/","title":{"rendered":"Trabalhadores do setor operacional da Veracel entram em greve"},"content":{"rendered":"<p>Cerca de 350 trabalhadores do viveiro e da colheita mecanizada da empresa Veracel Celulose entraram em greve na manh\u00e3 desta segunda-feira (18) por tempo indeterminado. Eles reivindicam a negocia\u00e7\u00e3o da pauta da data-base 2012\/2013, com cinco meses de atraso, com enfoque especial para tr\u00eas itens: defini\u00e7\u00e3o do piso da categoria; aumento do sal\u00e1rio base dos operadores da colheita florestal; e negocia\u00e7\u00e3o da cesta b\u00e1sicade R$ 299,00.<a href=\"http:\/\/www.maisbn.com\/portal\/wp-content\/uploads\/2013\/03\/greve_veracel.jpg\"><img loading=\"lazy\" decoding=\"async\" class=\"alignleft  wp-image-2630\" alt=\"greve_veracel\" src=\"http:\/\/www.maisbn.com\/portal\/wp-content\/uploads\/2013\/03\/greve_veracel.jpg\" width=\"420\" height=\"279\" srcset=\"https:\/\/www.maisbn.com\/portal\/wp-content\/uploads\/2013\/03\/greve_veracel.jpg 600w, https:\/\/www.maisbn.com\/portal\/wp-content\/uploads\/2013\/03\/greve_veracel-527x350.jpg 527w, https:\/\/www.maisbn.com\/portal\/wp-content\/uploads\/2013\/03\/greve_veracel-500x331.jpg 500w\" sizes=\"auto, (max-width: 420px) 100vw, 420px\" \/><\/a><\/p>\n<p>Para o presidente do Sindicato dos Trabalhadores Rurais de Eun\u00e1polis, Tico Lisboa, a greve \u00e9 por tempo indeterminado e os trabalhadores s\u00f3 devem voltar ao trabalho \u201ccom uma defini\u00e7\u00e3o da empresa. &#8216;O sal\u00e1rio base da categoria sofreu um achatamento t\u00e3o grande que hoje \u00e9 menor que o sal\u00e1rio m\u00ednimo, ou seja, R$ 640,00. Como a empresa n\u00e3o pode pagar menos que o m\u00ednimo ajustou para R$ 678,00, mas a gente t\u00e1 pedindo R$ 750,00&#8217;, declarou.<\/p>\n<p>Outra quest\u00e3o ainda n\u00e3o definida \u00e9 a\u00a0revitaliza\u00e7\u00e3o\u00a0da cesta b\u00e1sica. Os trabalhadores tentam conseguir um limite de R$ 280,00, mas a empresa s\u00f3 concorda em pagar R$ 190,00. Segundo o presidente, \u201cos trabalhadores fizeram um esfor\u00e7o de cinco meses para negociar enquanto a empresa tem se mostrado inflex\u00edvel\u201d.<\/p>\n<p>Os sal\u00e1rios do setor operacional giram em torno de R$ 1.680,00. Um manifestante, que prefere n\u00e3o se identificar, levantou os \u00edndices do Dieese que trata da compara\u00e7\u00e3o do sal\u00e1rio m\u00ednimo com o aumento da infla\u00e7\u00e3o e aponta que para atender \u00e0s necessidades b\u00e1sicas de um cidad\u00e3o brasileiro o sal\u00e1rio m\u00ednimo deveria ser de R$ 2.937,00. Ele diz que a F\u00edbria Celulose, por exemplo, j\u00e1 paga R$ 2.643,00 para os trabalhadores do setor operacional da f\u00e1brica.<\/p>\n<p>Os trabalhadores da colheita mecanizada reivindicam um reajuste de 7% com base no INPC (\u00cdndice Nacional de Pre\u00e7os ao Consumidor) de 2012 e um aumento real de 5,5% sobre o sal\u00e1rio atual, al\u00e9m da fixa\u00e7\u00e3o do piso salarial de R$ 735,00, como informa o presidente da Associa\u00e7\u00e3o dos Operadores de M\u00e1quinas Mecanizadas do Estado da Bahia, Eug\u00eanio de Jesus.<\/p>\n<p><img loading=\"lazy\" decoding=\"async\" class=\"size-full wp-image-2631 aligncenter\" alt=\"greve_veracel2\" src=\"http:\/\/www.maisbn.com\/portal\/wp-content\/uploads\/2013\/03\/greve_veracel2.jpg\" width=\"600\" height=\"398\" srcset=\"https:\/\/www.maisbn.com\/portal\/wp-content\/uploads\/2013\/03\/greve_veracel2.jpg 600w, https:\/\/www.maisbn.com\/portal\/wp-content\/uploads\/2013\/03\/greve_veracel2-527x350.jpg 527w, https:\/\/www.maisbn.com\/portal\/wp-content\/uploads\/2013\/03\/greve_veracel2-500x331.jpg 500w\" sizes=\"auto, (max-width: 600px) 100vw, 600px\" \/><\/p>\n<p>Outros diretores da Associa\u00e7\u00e3o, Eduardo Estavier e Edinei Rodrigues, acrescentam itens da pauta de reivindica\u00e7\u00e3o como \u201ca amplia\u00e7\u00e3o do percurso m\u00ednimo para 30 horas; adicional de insalubridade, periculosidade e\u00a0pr\u00eamios\u00a0de produtividade incorporados aos sal\u00e1rios, al\u00e9m da redu\u00e7\u00e3o da jornada de trabalho para seis horas\u201d.<\/p>\n<p>O portal RADAR 64 entrou em contato com a assessoria de comunica\u00e7\u00e3o da empresa que \u201cest\u00e1 avaliando o\u00a0movimento\u00a0e a tarde deve enviar um comunicado \u00e0 imprensa\u201d, como foi informado.<\/p>\n<address>\u00a0<\/address>\n<address><em>Fonte: Radar 64<\/em><\/address>\n","protected":false},"excerpt":{"rendered":"<p>Cerca de 350 trabalhadores do viveiro e da colheita mecanizada da empresa Veracel Celulose entraram em greve na manh\u00e3 desta segunda-feira (18) por tempo indeterminado. Eles reivindicam a negocia\u00e7\u00e3o da pauta da data-base 2012\/2013, com cinco meses de atraso, com enfoque especial para tr\u00eas itens: defini\u00e7\u00e3o do piso da categoria; aumento do sal\u00e1rio base dos [&hellip;]<\/p>\n","protected":false},"author":1,"featured_media":0,"comment_status":"closed","ping_status":"open","sticky":false,"template":"","format":"standard","meta":{"footnotes":""},"categories":[1],"tags":[30],"class_list":["post-2629","post","type-post","status-publish","format-standard","hentry","category-noticias","tag-veracel"],"_links":{"self":[{"href":"https:\/\/www.maisbn.com\/portal\/wp-json\/wp\/v2\/posts\/2629","targetHints":{"allow":["GET"]}}],"collection":[{"href":"https:\/\/www.maisbn.com\/portal\/wp-json\/wp\/v2\/posts"}],"about":[{"href":"https:\/\/www.maisbn.com\/portal\/wp-json\/wp\/v2\/types\/post"}],"author":[{"embeddable":true,"href":"https:\/\/www.maisbn.com\/portal\/wp-json\/wp\/v2\/users\/1"}],"replies":[{"embeddable":true,"href":"https:\/\/www.maisbn.com\/portal\/wp-json\/wp\/v2\/comments?post=2629"}],"version-history":[{"count":0,"href":"https:\/\/www.maisbn.com\/portal\/wp-json\/wp\/v2\/posts\/2629\/revisions"}],"wp:attachment":[{"href":"https:\/\/www.maisbn.com\/portal\/wp-json\/wp\/v2\/media?parent=2629"}],"wp:term":[{"taxonomy":"category","embeddable":true,"href":"https:\/\/www.maisbn.com\/portal\/wp-json\/wp\/v2\/categories?post=2629"},{"taxonomy":"post_tag","embeddable":true,"href":"https:\/\/www.maisbn.com\/portal\/wp-json\/wp\/v2\/tags?post=2629"}],"curies":[{"name":"wp","href":"https:\/\/api.w.org\/{rel}","templated":true}]}}