{"id":2619,"date":"2013-03-14T17:21:38","date_gmt":"2013-03-14T20:21:38","guid":{"rendered":"http:\/\/www.maisbn.com\/portal\/?p=2619"},"modified":"2013-03-14T17:21:38","modified_gmt":"2013-03-14T20:21:38","slug":"pista-entre-porto-e-cabralia-sera-recuperada-em-breve","status":"publish","type":"post","link":"https:\/\/www.maisbn.com\/portal\/2013\/03\/pista-entre-porto-e-cabralia-sera-recuperada-em-breve\/","title":{"rendered":"Pista entre Porto e Cabr\u00e1lia ser\u00e1 recuperada em breve."},"content":{"rendered":"<p>Preocupado com a poss\u00edvel destrui\u00e7\u00e3o pelo mar de parte da pista asf\u00e1ltica da BR 367, entre Porto Seguro e Cabr\u00e1lia, especificamente na conhecida praia de Ponta Grande, o Deputado J\u00e2nio Natal, solicitou ao Ministro dos Transportes Dr. Paulo S\u00e9rgio Passos, que realizasse os servi\u00e7os necess\u00e1rios de recupera\u00e7\u00e3o da parte destru\u00edda pelo mar, bem como os servi\u00e7os de preven\u00e7\u00e3o, para que as cidades tur\u00edsticas de Porto Seguro, Cabr\u00e1lia e Belmonte n\u00e3o fossem prejudicadas com a poss\u00edvel interdi\u00e7\u00e3o da estrada.<\/p>\n<p>O Ministro garantiu ao Deputado que a recupera\u00e7\u00e3o ser\u00e1 feita em breve.<\/p>\n","protected":false},"excerpt":{"rendered":"<p>Preocupado com a poss\u00edvel destrui\u00e7\u00e3o pelo mar de parte da pista asf\u00e1ltica da BR 367, entre Porto Seguro e Cabr\u00e1lia, especificamente na conhecida praia de Ponta Grande, o Deputado J\u00e2nio Natal, solicitou ao Ministro dos Transportes Dr. Paulo S\u00e9rgio Passos, que realizasse os servi\u00e7os necess\u00e1rios de recupera\u00e7\u00e3o da parte destru\u00edda pelo mar, bem como os [&hellip;]<\/p>\n","protected":false},"author":1,"featured_media":0,"comment_status":"closed","ping_status":"open","sticky":false,"template":"","format":"standard","meta":{"footnotes":""},"categories":[1],"tags":[351,148],"class_list":["post-2619","post","type-post","status-publish","format-standard","hentry","category-noticias","tag-deputado-janio-natal","tag-janio-natal"],"_links":{"self":[{"href":"https:\/\/www.maisbn.com\/portal\/wp-json\/wp\/v2\/posts\/2619","targetHints":{"allow":["GET"]}}],"collection":[{"href":"https:\/\/www.maisbn.com\/portal\/wp-json\/wp\/v2\/posts"}],"about":[{"href":"https:\/\/www.maisbn.com\/portal\/wp-json\/wp\/v2\/types\/post"}],"author":[{"embeddable":true,"href":"https:\/\/www.maisbn.com\/portal\/wp-json\/wp\/v2\/users\/1"}],"replies":[{"embeddable":true,"href":"https:\/\/www.maisbn.com\/portal\/wp-json\/wp\/v2\/comments?post=2619"}],"version-history":[{"count":0,"href":"https:\/\/www.maisbn.com\/portal\/wp-json\/wp\/v2\/posts\/2619\/revisions"}],"wp:attachment":[{"href":"https:\/\/www.maisbn.com\/portal\/wp-json\/wp\/v2\/media?parent=2619"}],"wp:term":[{"taxonomy":"category","embeddable":true,"href":"https:\/\/www.maisbn.com\/portal\/wp-json\/wp\/v2\/categories?post=2619"},{"taxonomy":"post_tag","embeddable":true,"href":"https:\/\/www.maisbn.com\/portal\/wp-json\/wp\/v2\/tags?post=2619"}],"curies":[{"name":"wp","href":"https:\/\/api.w.org\/{rel}","templated":true}]}}