{"id":2605,"date":"2013-03-12T13:28:04","date_gmt":"2013-03-12T16:28:04","guid":{"rendered":"http:\/\/www.maisbn.com\/portal\/?p=2605"},"modified":"2013-03-12T13:49:10","modified_gmt":"2013-03-12T16:49:10","slug":"2605","status":"publish","type":"post","link":"https:\/\/www.maisbn.com\/portal\/2013\/03\/2605\/","title":{"rendered":"Protesto de indios bloqueia a BR 367 em Coroa Vermelha."},"content":{"rendered":"<p><a href=\"http:\/\/www.maisbn.com\/portal\/wp-content\/uploads\/2013\/03\/bloqueiocoroa.jpg\"><img loading=\"lazy\" decoding=\"async\" class=\"alignleft size-full wp-image-2606\" alt=\"bloqueiocoroa\" src=\"http:\/\/www.maisbn.com\/portal\/wp-content\/uploads\/2013\/03\/bloqueiocoroa.jpg\" width=\"320\" height=\"240\" \/><\/a>Um protesto de \u00edndios fechou as duas pistas da BR 367, em Coroa Vermelha, em Santa Cruz Cabr\u00e1lia, na manh\u00e3 desta ter\u00e7a-feira (12). Centenas de \u00edndios, eles pais e alunos, reclamam das p\u00e9ssimas condi\u00e7\u00f5es da escola ind\u00edgena de Coroa Vermelha. Segundo os manifestantes, faltam mesas e cadeiras nas salas de aula, entre outros problemas de infraestrutura. Eles dizem que s\u00f3 ir\u00e3o liberar a rodovia quando representantes da secretaria de Educa\u00e7\u00e3o entregarem as cadeiras prometidas na segunda-feira, 11.<\/p>\n<p>\u201cEstamos reivindicando o direito de nossos <a href=\"http:\/\/www.radar64.com\/ler.php?doc=17123#\" rel=\"nofollow\">filhos<\/a> estudarem. A estrutura f\u00edsica da escola est\u00e1 caindo, corre o risco de o teto desabar a qualquer momento. Temos 800 aluos, trabalhamos nos tr\u00eas turnos e atendemos da pr\u00e9-escola at\u00e9 o 9\u00ba ano. Esses alunos est\u00e3o sentando no ch\u00e3o porque n\u00e3o tem cadeiras suficientes\u201d, disse a secret\u00e1ria da escola, Valdirene.<\/p>\n<p>\u201cJ\u00e1 fizemos diversos documentos, enviados para a Secretaria de Educa\u00e7\u00e3o, para o Minist\u00e9rio P\u00fablico, para todos os lugares que poder\u00edamos mandar e nunca fomos atendidos. Passamos os quatro anos do mandato do prefeito Jorge Pontes reivindicando e nada foi feito at\u00e9 agora. Ontem (segunda-feira) os pais chegaram na escola e viram seus filhos sentados no ch\u00e3o, n\u00e3o gostaram e pediram apoio dos funcion\u00e1rios para fazer essa manifesta\u00e7\u00e3o, porque a situa\u00e7\u00e3o est\u00e1 feia e <a href=\"http:\/\/www.radar64.com\/ler.php?doc=17123#\" rel=\"nofollow\">corre<\/a> o risco de a qualquer momento a escola desabar na cabe\u00e7a dos alunos. Estamos pedindo socorro para v\u00ea se algu\u00e9m nos ouve porque estamos desesperados em ao temos mais a quem recorrer\u201d, acrescentou.<\/p>\n<p>De acordo com Valdirene, representantes da Secretaria de Educa\u00e7\u00e3o de Santa Cruz Cabr\u00e1lia estiveram na escola na segunda-feira e propuseram a constru\u00e7\u00e3o de um pavilh\u00e3o com cinco salas para desocupar as que t\u00eam risco de desabamento. \u201cTamb\u00e9m prometeram que hoje iriam trazer as cadeiras e at\u00e9 agora n\u00e3o apareceram. Estamos aqui esperando que tomem alguma provid\u00eancia. Assim que isso acontecer n\u00f3s liberamos a pista\u201d, salientou.<\/p>\n<p>Segundo ela, a escola ind\u00edgena recebe recursos diferenciados para a merenda escolar. Mesmo assim, h\u00e1 constante falta de merenda, al\u00e9m de falta de \u00e1gua. Al\u00e9m da falta de cadeiras e mesas, alguns banheiros n\u00e3o t\u00eam porta, as janelas das salas de aula e da secretaria est\u00e3o com vidros quebrados e a estrutura de alguns telhados est\u00e1 comprometida.<\/p>\n","protected":false},"excerpt":{"rendered":"<p>Um protesto de \u00edndios fechou as duas pistas da BR 367, em Coroa Vermelha, em Santa Cruz Cabr\u00e1lia, na manh\u00e3 desta ter\u00e7a-feira (12). Centenas de \u00edndios, eles pais e alunos, reclamam das p\u00e9ssimas condi\u00e7\u00f5es da escola ind\u00edgena de Coroa Vermelha. Segundo os manifestantes, faltam mesas e cadeiras nas salas de aula, entre outros problemas de [&hellip;]<\/p>\n","protected":false},"author":7,"featured_media":0,"comment_status":"closed","ping_status":"open","sticky":false,"template":"","format":"standard","meta":{"footnotes":""},"categories":[45],"tags":[189,91],"class_list":["post-2605","post","type-post","status-publish","format-standard","hentry","category-cidades","tag-coroa-vermelha","tag-santa-cruz-cabralia"],"_links":{"self":[{"href":"https:\/\/www.maisbn.com\/portal\/wp-json\/wp\/v2\/posts\/2605","targetHints":{"allow":["GET"]}}],"collection":[{"href":"https:\/\/www.maisbn.com\/portal\/wp-json\/wp\/v2\/posts"}],"about":[{"href":"https:\/\/www.maisbn.com\/portal\/wp-json\/wp\/v2\/types\/post"}],"author":[{"embeddable":true,"href":"https:\/\/www.maisbn.com\/portal\/wp-json\/wp\/v2\/users\/7"}],"replies":[{"embeddable":true,"href":"https:\/\/www.maisbn.com\/portal\/wp-json\/wp\/v2\/comments?post=2605"}],"version-history":[{"count":0,"href":"https:\/\/www.maisbn.com\/portal\/wp-json\/wp\/v2\/posts\/2605\/revisions"}],"wp:attachment":[{"href":"https:\/\/www.maisbn.com\/portal\/wp-json\/wp\/v2\/media?parent=2605"}],"wp:term":[{"taxonomy":"category","embeddable":true,"href":"https:\/\/www.maisbn.com\/portal\/wp-json\/wp\/v2\/categories?post=2605"},{"taxonomy":"post_tag","embeddable":true,"href":"https:\/\/www.maisbn.com\/portal\/wp-json\/wp\/v2\/tags?post=2605"}],"curies":[{"name":"wp","href":"https:\/\/api.w.org\/{rel}","templated":true}]}}