{"id":2566,"date":"2013-03-07T15:21:41","date_gmt":"2013-03-07T18:21:41","guid":{"rendered":"http:\/\/www.maisbn.com\/portal\/?p=2566"},"modified":"2013-03-07T15:21:41","modified_gmt":"2013-03-07T18:21:41","slug":"belmonte-recebera-a-terceira-caravana-cultural-da-costa-do-descobrimento","status":"publish","type":"post","link":"https:\/\/www.maisbn.com\/portal\/2013\/03\/belmonte-recebera-a-terceira-caravana-cultural-da-costa-do-descobrimento\/","title":{"rendered":"Belmonte receber\u00e1 a terceira Caravana Cultural da Costa do Descobrimento"},"content":{"rendered":"<p>O Secret\u00e1rio Municipal de Turismo Sr\u00a0Edson Britto, recebeu hoje (06-03) em seu gabinete, a \u00a0\u00a0 Caravana Secult\/Ba\u00a0 (SECRETARIA DE CULTURA DO ESTADO DA BAHIA) que \u00a0foi representada pelo\u00a0 Sr Uilson Pedreira, e as Sras. Adriana Vasconcelos, Andr\u00e9a Balmant, e Mirian Silva. O encontro foi \u00a0para formalizar a III Caravana Cultural da Costa do Descobrimento, que ser\u00e1 realizado de \u00a018 a 24 de Mar\u00e7o em toda a Costa.<\/p>\n<p><a href=\"http:\/\/www.maisbn.com\/portal\/wp-content\/uploads\/2013\/03\/caravana.jpg\"><img loading=\"lazy\" decoding=\"async\" class=\"size-full wp-image-2567 aligncenter\" alt=\"caravana\" src=\"http:\/\/www.maisbn.com\/portal\/wp-content\/uploads\/2013\/03\/caravana.jpg\" width=\"600\" height=\"275\" srcset=\"https:\/\/www.maisbn.com\/portal\/wp-content\/uploads\/2013\/03\/caravana.jpg 600w, https:\/\/www.maisbn.com\/portal\/wp-content\/uploads\/2013\/03\/caravana-500x229.jpg 500w\" sizes=\"auto, (max-width: 600px) 100vw, 600px\" \/><\/a><\/p>\n<p>O objetivo da III Caravana \u00a0\u00e9 levar a Secult\/BA \u00a0a conhecer a regi\u00e3o e realizar uma imers\u00e3o na cultura local, estabelecer contatos e articula\u00e7\u00f5es em prol da pol\u00edtica cultural no sul baiano. O evento tem o objetivo de aproximar a secretaria dos territ\u00f3rios visitados, levando daqui informa\u00e7\u00f5es sobre as a\u00e7\u00f5es do \u00f3rg\u00e3o na regi\u00e3o, como tamb\u00e9m escutar das comunidades\u00a0 locais suas demandas e preocupa\u00e7\u00f5es com rela\u00e7\u00e3o\u00a0\u00e0 Cultura.<\/p>\n<p>A participa\u00e7\u00e3o de Belmonte ser\u00e1 no dia 22 a partir das 16:00 horas na Pra\u00e7a da Bandeira, onde uma estrutura ser\u00e1\u00a0\u00a0montada para suas\u00a0 apresenta\u00e7\u00f5es\u00a0 culturais .<\/p>\n<p>A caravana \u00e9 composta por 40 pessoas \u00a0entre eles o Belmontense \u00a0o \u00a0Sr. Secret\u00e1rio de Cultura, Ant\u00f4nio Albino Canelas Rubim.<\/p>\n<p>\u00c9 uma oportunidade que merece a aten\u00e7\u00e3o de todos pois que, cultura \u00e9 educa\u00e7\u00e3o, e esta por sua vez \u00e9 quem dita o valor de uma comunidade.<\/p>\n<p><a href=\"http:\/\/www.maisbn.com\/portal\/wp-content\/uploads\/2013\/03\/comprovante-e1362600826626.jpg\"><img loading=\"lazy\" decoding=\"async\" class=\"size-full wp-image-2568 aligncenter\" alt=\"comprovante-e1362600826626\" src=\"http:\/\/www.maisbn.com\/portal\/wp-content\/uploads\/2013\/03\/comprovante-e1362600826626.jpg\" width=\"600\" height=\"776\" srcset=\"https:\/\/www.maisbn.com\/portal\/wp-content\/uploads\/2013\/03\/comprovante-e1362600826626.jpg 600w, https:\/\/www.maisbn.com\/portal\/wp-content\/uploads\/2013\/03\/comprovante-e1362600826626-270x350.jpg 270w, https:\/\/www.maisbn.com\/portal\/wp-content\/uploads\/2013\/03\/comprovante-e1362600826626-541x700.jpg 541w, https:\/\/www.maisbn.com\/portal\/wp-content\/uploads\/2013\/03\/comprovante-e1362600826626-386x500.jpg 386w\" sizes=\"auto, (max-width: 600px) 100vw, 600px\" \/><\/a><\/p>\n<address>Fonte: Jornal de Belmonte<\/address>\n<p>&nbsp;<\/p>\n","protected":false},"excerpt":{"rendered":"<p>O Secret\u00e1rio Municipal de Turismo Sr\u00a0Edson Britto, recebeu hoje (06-03) em seu gabinete, a \u00a0\u00a0 Caravana Secult\/Ba\u00a0 (SECRETARIA DE CULTURA DO ESTADO DA BAHIA) que \u00a0foi representada pelo\u00a0 Sr Uilson Pedreira, e as Sras. Adriana Vasconcelos, Andr\u00e9a Balmant, e Mirian Silva. O encontro foi \u00a0para formalizar a III Caravana Cultural da Costa do Descobrimento, que [&hellip;]<\/p>\n","protected":false},"author":1,"featured_media":0,"comment_status":"closed","ping_status":"open","sticky":false,"template":"","format":"standard","meta":{"footnotes":""},"categories":[1],"tags":[44,101,55],"class_list":["post-2566","post","type-post","status-publish","format-standard","hentry","category-noticias","tag-belmonte-ba","tag-belmonte-bahia-2","tag-cultura"],"_links":{"self":[{"href":"https:\/\/www.maisbn.com\/portal\/wp-json\/wp\/v2\/posts\/2566","targetHints":{"allow":["GET"]}}],"collection":[{"href":"https:\/\/www.maisbn.com\/portal\/wp-json\/wp\/v2\/posts"}],"about":[{"href":"https:\/\/www.maisbn.com\/portal\/wp-json\/wp\/v2\/types\/post"}],"author":[{"embeddable":true,"href":"https:\/\/www.maisbn.com\/portal\/wp-json\/wp\/v2\/users\/1"}],"replies":[{"embeddable":true,"href":"https:\/\/www.maisbn.com\/portal\/wp-json\/wp\/v2\/comments?post=2566"}],"version-history":[{"count":0,"href":"https:\/\/www.maisbn.com\/portal\/wp-json\/wp\/v2\/posts\/2566\/revisions"}],"wp:attachment":[{"href":"https:\/\/www.maisbn.com\/portal\/wp-json\/wp\/v2\/media?parent=2566"}],"wp:term":[{"taxonomy":"category","embeddable":true,"href":"https:\/\/www.maisbn.com\/portal\/wp-json\/wp\/v2\/categories?post=2566"},{"taxonomy":"post_tag","embeddable":true,"href":"https:\/\/www.maisbn.com\/portal\/wp-json\/wp\/v2\/tags?post=2566"}],"curies":[{"name":"wp","href":"https:\/\/api.w.org\/{rel}","templated":true}]}}