{"id":2543,"date":"2013-03-04T21:44:51","date_gmt":"2013-03-05T00:44:51","guid":{"rendered":"http:\/\/www.maisbn.com\/portal\/?p=2543"},"modified":"2013-03-04T21:44:51","modified_gmt":"2013-03-05T00:44:51","slug":"secretaria-de-seguranca-publica-troca-comando-do-8o-batalhao-de-policia-militar","status":"publish","type":"post","link":"https:\/\/www.maisbn.com\/portal\/2013\/03\/secretaria-de-seguranca-publica-troca-comando-do-8o-batalhao-de-policia-militar\/","title":{"rendered":"Secretaria de Seguran\u00e7a P\u00fablica troca comando do 8\u00ba Batalh\u00e3o de Policia Militar."},"content":{"rendered":"<p>Em publica\u00e7\u00e3o no Di\u00e1rio Oficial de s\u00e1bado (2), a Secretaria de Seguran\u00e7a P\u00fablica da Bahia (SSP), al\u00e9m de promover uma s\u00e9rie de mudan\u00e7as em unidades da Pol\u00edcia Civil, tamb\u00e9m alterou comandos da Pol\u00edcia Militar.<\/p>\n<div id=\"attachment_2544\" style=\"width: 310px\" class=\"wp-caption alignleft\"><a href=\"http:\/\/www.maisbn.com\/portal\/wp-content\/uploads\/2013\/03\/alfredo_padrao.jpg\"><img loading=\"lazy\" decoding=\"async\" aria-describedby=\"caption-attachment-2544\" class=\"size-full wp-image-2544 \" alt=\"alfredo_padrao\" src=\"http:\/\/www.maisbn.com\/portal\/wp-content\/uploads\/2013\/03\/alfredo_padrao.jpg\" width=\"300\" height=\"225\" \/><\/a><p id=\"caption-attachment-2544\" class=\"wp-caption-text\">Tenente Coronel Alfredo Nascimento<\/p><\/div>\n<p>&nbsp;<\/p>\n<p>A SSP j\u00e1 havia realizado, na \u00faltima semana de fevereiro, mudan\u00e7as em comandos de Policiamento Regional. A altera\u00e7\u00e3o, desta vez, foi no comando de alguns batalh\u00f5es do interior e Companhias Independentes da Pol\u00edcia Militar (CIPM).<\/p>\n<p>Uma das mudan\u00e7as ocorreu em Porto Seguro. O comandante do 8\u00ba Batalh\u00e3o de Pol\u00edcia Militar, tenente coronel Alfredo Nascimento, foi exonerado do cargo. Ele ser\u00e1 substitu\u00eddo por Valter Serpa de Oliveira Filho, cuja nomea\u00e7\u00e3o foi publicada na mesma edi\u00e7\u00e3o do Di\u00e1rio Oficial.<\/p>\n<p>&nbsp;<\/p>\n<p>&nbsp;<\/p>\n<p>&nbsp;<\/p>\n<p>&nbsp;<\/p>\n<p>&nbsp;<\/p>\n<p>&nbsp;<\/p>\n","protected":false},"excerpt":{"rendered":"<p>Em publica\u00e7\u00e3o no Di\u00e1rio Oficial de s\u00e1bado (2), a Secretaria de Seguran\u00e7a P\u00fablica da Bahia (SSP), al\u00e9m de promover uma s\u00e9rie de mudan\u00e7as em unidades da Pol\u00edcia Civil, tamb\u00e9m alterou comandos da Pol\u00edcia Militar. &nbsp; A SSP j\u00e1 havia realizado, na \u00faltima semana de fevereiro, mudan\u00e7as em comandos de Policiamento Regional. A altera\u00e7\u00e3o, desta vez, [&hellip;]<\/p>\n","protected":false},"author":1,"featured_media":0,"comment_status":"closed","ping_status":"open","sticky":false,"template":"","format":"standard","meta":{"footnotes":""},"categories":[1],"tags":[290],"class_list":["post-2543","post","type-post","status-publish","format-standard","hentry","category-noticias","tag-policia-militar-em-porto-seguro"],"_links":{"self":[{"href":"https:\/\/www.maisbn.com\/portal\/wp-json\/wp\/v2\/posts\/2543","targetHints":{"allow":["GET"]}}],"collection":[{"href":"https:\/\/www.maisbn.com\/portal\/wp-json\/wp\/v2\/posts"}],"about":[{"href":"https:\/\/www.maisbn.com\/portal\/wp-json\/wp\/v2\/types\/post"}],"author":[{"embeddable":true,"href":"https:\/\/www.maisbn.com\/portal\/wp-json\/wp\/v2\/users\/1"}],"replies":[{"embeddable":true,"href":"https:\/\/www.maisbn.com\/portal\/wp-json\/wp\/v2\/comments?post=2543"}],"version-history":[{"count":0,"href":"https:\/\/www.maisbn.com\/portal\/wp-json\/wp\/v2\/posts\/2543\/revisions"}],"wp:attachment":[{"href":"https:\/\/www.maisbn.com\/portal\/wp-json\/wp\/v2\/media?parent=2543"}],"wp:term":[{"taxonomy":"category","embeddable":true,"href":"https:\/\/www.maisbn.com\/portal\/wp-json\/wp\/v2\/categories?post=2543"},{"taxonomy":"post_tag","embeddable":true,"href":"https:\/\/www.maisbn.com\/portal\/wp-json\/wp\/v2\/tags?post=2543"}],"curies":[{"name":"wp","href":"https:\/\/api.w.org\/{rel}","templated":true}]}}