{"id":2532,"date":"2013-03-04T14:56:59","date_gmt":"2013-03-04T17:56:59","guid":{"rendered":"http:\/\/www.maisbn.com\/portal\/?p=2532"},"modified":"2013-03-04T14:59:16","modified_gmt":"2013-03-04T17:59:16","slug":"inema-apura-denuncia-de-invasao-da-apa-coroa-vermelha-por-pessoas-ligadas-a-indigenas","status":"publish","type":"post","link":"https:\/\/www.maisbn.com\/portal\/2013\/03\/inema-apura-denuncia-de-invasao-da-apa-coroa-vermelha-por-pessoas-ligadas-a-indigenas\/","title":{"rendered":"Inema apura den\u00fancia de invas\u00e3o da APA Coroa Vermelha por pessoas ligadas a ind\u00edgenas."},"content":{"rendered":"<div id=\"HOTWordsTxt\">\n<a href=\"http:\/\/www.maisbn.com\/portal\/wp-content\/uploads\/2013\/03\/invasao3.jpg\"><img loading=\"lazy\" decoding=\"async\" class=\"alignleft size-full wp-image-2535\" alt=\"invasao3\" src=\"http:\/\/www.maisbn.com\/portal\/wp-content\/uploads\/2013\/03\/invasao3.jpg\" width=\"473\" height=\"354\" srcset=\"https:\/\/www.maisbn.com\/portal\/wp-content\/uploads\/2013\/03\/invasao3.jpg 473w, https:\/\/www.maisbn.com\/portal\/wp-content\/uploads\/2013\/03\/invasao3-467x350.jpg 467w\" sizes=\"auto, (max-width: 473px) 100vw, 473px\" \/><\/a>Moradores de Santa Cruz Cabr\u00e1lia denunciam que uma \u00e1rea da antiga reserva ind\u00edgena, localizada dentro da Apa Coroa Vermelha, est\u00e1 sendo invadida por um grupo de pessoas coordenado por lideran\u00e7as ind\u00edgenas. O local da invas\u00e3o atinge cerca de 5 quil\u00f4metros, logo ap\u00f3s a barraca Barramares (na orla norte de Porto Seguro).<\/p>\n<p>Os denunciantes informam que a invas\u00e3o atinge at\u00e9 a pista de pouso de ultra-leves. O local j\u00e1 estaria demarcada com garrafas pet e pronto para ocupa\u00e7\u00e3o. Segundo consta, a \u00e1rea pertence ao empres\u00e1rio Joaci Go\u00e9s, mas est\u00e1 localizada dentro da APA Coroa Vermelha (\u00c1rea de Prote\u00e7\u00e3o Ambiental).<\/p>\n<p>Uma equipe do Inema (ligado \u00e0 Secretaria de Meio Ambiente do Estado) se deslocou para Santa Cruz Cabr\u00e1lia na manh\u00e3 desta segunda-feira (4) para verificar a den\u00fancia in loco. A equipe \u00e9 composta pelo coordenador do \u00f3rg\u00e3o em Eun\u00e1polis, Wellington Jos\u00e9 dos Santos, Ridson Salom\u00e9 Sales, presidente da APA, e a secret\u00e1ria de Meio Ambiente de Santa Cruz Cabr\u00e1lia, Maril\u00e9ia Pontes.<\/p>\n<p>A \u00e1rea invadida apresenta vegeta\u00e7\u00e3o de restinga costeira, com remanescentes de vegeta\u00e7\u00e3o de Mata Atl\u00e2ntica (a exemplo da Reserva da Jaqueira) e manguezais amea\u00e7ados pelos supostos invasores. Os moradores temem a destrui\u00e7\u00e3o da vegeta\u00e7\u00e3o assim como ocorreu em CoroaVermelha, pr\u00f3ximo ao posto de combust\u00edvel BR, onde foram constru\u00eddas casas de alvenaria junto \u00e0 estrada.<\/p>\n<p>Com uma \u00e1rea de 4.100 ha, a APA Coroa Vermelha abrange parte da zona costeira dos munic\u00edpios de Santa Cruz Cabr\u00e1lia e Porto Seguro e foi criada em 1988 a fim de garantir a preserva\u00e7\u00e3o dos recursos naturais, ao lado do desenvolvimento de atividades tur\u00edsticas, mas ainda hoje convive com conflitos ambientais como dep\u00f3sito irregulares de lixo, extra\u00e7\u00e3o ilegal de areia, ocupa\u00e7\u00e3o desordenada do solo e desmatamento.<\/p>\n<\/div>\n","protected":false},"excerpt":{"rendered":"<p>Moradores de Santa Cruz Cabr\u00e1lia denunciam que uma \u00e1rea da antiga reserva ind\u00edgena, localizada dentro da Apa Coroa Vermelha, est\u00e1 sendo invadida por um grupo de pessoas coordenado por lideran\u00e7as ind\u00edgenas. O local da invas\u00e3o atinge cerca de 5 quil\u00f4metros, logo ap\u00f3s a barraca Barramares (na orla norte de Porto Seguro). Os denunciantes informam que [&hellip;]<\/p>\n","protected":false},"author":7,"featured_media":0,"comment_status":"closed","ping_status":"open","sticky":false,"template":"","format":"standard","meta":{"footnotes":""},"categories":[45,1],"tags":[189,91],"class_list":["post-2532","post","type-post","status-publish","format-standard","hentry","category-cidades","category-noticias","tag-coroa-vermelha","tag-santa-cruz-cabralia"],"_links":{"self":[{"href":"https:\/\/www.maisbn.com\/portal\/wp-json\/wp\/v2\/posts\/2532","targetHints":{"allow":["GET"]}}],"collection":[{"href":"https:\/\/www.maisbn.com\/portal\/wp-json\/wp\/v2\/posts"}],"about":[{"href":"https:\/\/www.maisbn.com\/portal\/wp-json\/wp\/v2\/types\/post"}],"author":[{"embeddable":true,"href":"https:\/\/www.maisbn.com\/portal\/wp-json\/wp\/v2\/users\/7"}],"replies":[{"embeddable":true,"href":"https:\/\/www.maisbn.com\/portal\/wp-json\/wp\/v2\/comments?post=2532"}],"version-history":[{"count":0,"href":"https:\/\/www.maisbn.com\/portal\/wp-json\/wp\/v2\/posts\/2532\/revisions"}],"wp:attachment":[{"href":"https:\/\/www.maisbn.com\/portal\/wp-json\/wp\/v2\/media?parent=2532"}],"wp:term":[{"taxonomy":"category","embeddable":true,"href":"https:\/\/www.maisbn.com\/portal\/wp-json\/wp\/v2\/categories?post=2532"},{"taxonomy":"post_tag","embeddable":true,"href":"https:\/\/www.maisbn.com\/portal\/wp-json\/wp\/v2\/tags?post=2532"}],"curies":[{"name":"wp","href":"https:\/\/api.w.org\/{rel}","templated":true}]}}