{"id":2526,"date":"2013-03-04T11:54:52","date_gmt":"2013-03-04T14:54:52","guid":{"rendered":"http:\/\/www.maisbn.com\/portal\/?p=2526"},"modified":"2013-03-04T12:04:35","modified_gmt":"2013-03-04T15:04:35","slug":"associacao-belmontense-e-contemplada-com-aquisicao-de-veiculos-e-utilitarios-agricolas","status":"publish","type":"post","link":"https:\/\/www.maisbn.com\/portal\/2013\/03\/associacao-belmontense-e-contemplada-com-aquisicao-de-veiculos-e-utilitarios-agricolas\/","title":{"rendered":"Associa\u00e7\u00e3o Belmontense assina termo e \u00e9 contemplada com aquisi\u00e7\u00e3o de ve\u00edculos utilit\u00e1rios e utensilios agr\u00edcola."},"content":{"rendered":"<p>&nbsp;<\/p>\n<p><a href=\"http:\/\/www.maisbn.com\/portal\/wp-content\/uploads\/2013\/03\/agricultura2.jpg\"><img loading=\"lazy\" decoding=\"async\" class=\"alignleft size-full wp-image-2530\" alt=\"agricultura2\" src=\"http:\/\/www.maisbn.com\/portal\/wp-content\/uploads\/2013\/03\/agricultura2.jpg\" width=\"367\" height=\"262\" srcset=\"https:\/\/www.maisbn.com\/portal\/wp-content\/uploads\/2013\/03\/agricultura2.jpg 500w, https:\/\/www.maisbn.com\/portal\/wp-content\/uploads\/2013\/03\/agricultura2-491x350.jpg 491w\" sizes=\"auto, (max-width: 367px) 100vw, 367px\" \/><\/a><\/p>\n<p>As associa\u00e7\u00f5es contempladas pelo edital de apoio a empreendimentos econ\u00f4micos solid\u00e1rios e da agricultura familiar assinaram, na tarde desta quarta-feira (20), o termo de compromisso para implanta\u00e7\u00e3o de Agroind\u00fastrias Simplificadas de Hortifruticultura. A a\u00e7\u00e3o faz parte do Pacto para o Desenvolvimento da Costa do Descobrimento, fruto de uma parceria entre o Governo do Estado da Bahia e a Veracel Celulose, inserido no programa Vida Melhor.<\/p>\n<p>Seis entidades foram selecionadas pelo edital, que tamb\u00e9m inclui a aquisi\u00e7\u00e3o de ve\u00edculos utilit\u00e1rios e utens\u00edlios: Associa\u00e7\u00e3o de Agricultores Ind\u00edgenas Patox\u00f3 da Coroa Vermelha (Santa Cruz Cabr\u00e1lia), Associa\u00e7\u00e3o dos Pequenos Produtores do Assentamento Luis In\u00e1cio Lula da Silva (Santa Cruz Cabr\u00e1lia), Associa\u00e7\u00e3o dos Pequenos Produtores do Vale do Jequitinhonha (Belmonte), Associa\u00e7\u00e3o Projeto Maravilha (Eun\u00e1polis), Associa\u00e7\u00e3o Unida Ro\u00e7a do Povo (Porto Seguro) e Cooperativa Mista de Agricultores e Produtores da Uni\u00e3o Baiana (Itagimirim).<\/p>\n<p>O secret\u00e1rio estadual da casa Civil, Rui Costa, ressaltou que o objetivo fundamental desta iniciativa \u00e9 o benef\u00edcio direto ao cidad\u00e3o. \u201cOs equipamentos v\u00e3o viabilizar a escala e a autonomia de produ\u00e7\u00e3o \u00e0s 960 fam\u00edlias beneficiadas, incrementando a sua renda. Queremos melhorar a qualidade de vida das pessoas e seguiremos trabalhando, prioritariamente, pelos que mais precisam\u201d, explicou Rui.<\/p>\n<p>Agricultor familiar h\u00e1 sete anos, Valdemir Almeida (48 anos), membro da Associa\u00e7\u00e3o Unida Ro\u00e7a do Povo, destacou a import\u00e2ncia desta a\u00e7\u00e3o, que beneficiar\u00e1 os 125 agricultores pertencentes somente a esta entidade e outros do entorno. \u201cA chegada da agroind\u00fastria ser\u00e1 maravilhosa, pois produziremos alimentos com mais qualidade e em maior quantidade. A venda tamb\u00e9m ser\u00e1 facilitada, com o selo nos produtos. O benef\u00edcio ainda vai se expandir \u00e0s associa\u00e7\u00f5es vizinhas \u00e0 nossa, pois vamos convid\u00e1-las a usufruir dessa agroind\u00fastria, melhorando a vida de um n\u00famero ainda maior de pessoas da regi\u00e3o\u201d, contou Valdemir.<\/p>\n<p>De acordo com o agricultor familiar Cosme Figueiredo (54 anos), representante da Associa\u00e7\u00e3o de Agricultor Ind\u00edgena Coroa Vermelha, a produ\u00e7\u00e3o de abacaxi, banana, coco e de hortali\u00e7as do grupo ser\u00e1 beneficiada em larga escala. \u201cVamos usar esses equipamentos em prol do trabalho das 200 fam\u00edlias da comunidade. Com certeza, teremos mais produtos para comercializar na feira\u201d, disse. O representante adiantou que\u00a0ir\u00e1 tentar firmar conv\u00eanio com a prefeitura municipal e vender os produtos para a merenda escolar.<\/p>\n<p>Na cerim\u00f4nia, realizada no audit\u00f3rio da Casa Civil do Governo do Estado, no Centro Administrativo da Bahia (CAB), em Salvador, estavam presentes, al\u00e9m dos representantes das entidades e do secret\u00e1rio Rui Costa, o gerente de sustentabilidade da Veracel Celulose, Renato Carneiro, e o superintendente da Agricultura Familiar do Estado, Wilson Dias.<\/p>\n","protected":false},"excerpt":{"rendered":"<p>&nbsp; As associa\u00e7\u00f5es contempladas pelo edital de apoio a empreendimentos econ\u00f4micos solid\u00e1rios e da agricultura familiar assinaram, na tarde desta quarta-feira (20), o termo de compromisso para implanta\u00e7\u00e3o de Agroind\u00fastrias Simplificadas de Hortifruticultura. A a\u00e7\u00e3o faz parte do Pacto para o Desenvolvimento da Costa do Descobrimento, fruto de uma parceria entre o Governo do Estado [&hellip;]<\/p>\n","protected":false},"author":7,"featured_media":0,"comment_status":"closed","ping_status":"open","sticky":false,"template":"","format":"standard","meta":{"footnotes":""},"categories":[29],"tags":[108],"class_list":["post-2526","post","type-post","status-publish","format-standard","hentry","category-empreendimentos","tag-belmonte"],"_links":{"self":[{"href":"https:\/\/www.maisbn.com\/portal\/wp-json\/wp\/v2\/posts\/2526","targetHints":{"allow":["GET"]}}],"collection":[{"href":"https:\/\/www.maisbn.com\/portal\/wp-json\/wp\/v2\/posts"}],"about":[{"href":"https:\/\/www.maisbn.com\/portal\/wp-json\/wp\/v2\/types\/post"}],"author":[{"embeddable":true,"href":"https:\/\/www.maisbn.com\/portal\/wp-json\/wp\/v2\/users\/7"}],"replies":[{"embeddable":true,"href":"https:\/\/www.maisbn.com\/portal\/wp-json\/wp\/v2\/comments?post=2526"}],"version-history":[{"count":0,"href":"https:\/\/www.maisbn.com\/portal\/wp-json\/wp\/v2\/posts\/2526\/revisions"}],"wp:attachment":[{"href":"https:\/\/www.maisbn.com\/portal\/wp-json\/wp\/v2\/media?parent=2526"}],"wp:term":[{"taxonomy":"category","embeddable":true,"href":"https:\/\/www.maisbn.com\/portal\/wp-json\/wp\/v2\/categories?post=2526"},{"taxonomy":"post_tag","embeddable":true,"href":"https:\/\/www.maisbn.com\/portal\/wp-json\/wp\/v2\/tags?post=2526"}],"curies":[{"name":"wp","href":"https:\/\/api.w.org\/{rel}","templated":true}]}}