{"id":2507,"date":"2013-02-25T22:37:16","date_gmt":"2013-02-26T01:37:16","guid":{"rendered":"http:\/\/www.maisbn.com\/portal\/?p=2507"},"modified":"2013-02-25T22:39:47","modified_gmt":"2013-02-26T01:39:47","slug":"integrante-da-quadrilha-do-traficante-buiu-e-preso-em-belmonte","status":"publish","type":"post","link":"https:\/\/www.maisbn.com\/portal\/2013\/02\/integrante-da-quadrilha-do-traficante-buiu-e-preso-em-belmonte\/","title":{"rendered":"Integrante da quadrilha do traficante Buiu \u00e9 preso em Belmonte."},"content":{"rendered":"<p>Hoje por volta das 16:00h em Mogiqui\u00e7aba, Distrito de Belmonte, homens da Pol\u00edcia Militar sob o comando do Capit\u00e3o Ricardo, cumpriram o mandado de pris\u00e3o em desfavor de Edcarlos Ferreira dos Santos, vulgo \u201cCarlinhos\u201d, integrante da quadrilha do traficante Bui\u00fa que \u00e9 acusado de liderar o tr\u00e1fico de drogas em Porto Seguro e hoje \u00e9 um dos traficantes mais procurados do Extremo Sul da Bahia.<\/p>\n<p><a href=\"http:\/\/www.maisbn.com\/portal\/wp-content\/uploads\/2013\/02\/Carlinhos_03.jpg\"><img loading=\"lazy\" decoding=\"async\" class=\"size-full wp-image-2512 aligncenter\" alt=\"Carlinhos_03\" src=\"http:\/\/www.maisbn.com\/portal\/wp-content\/uploads\/2013\/02\/Carlinhos_03.jpg\" width=\"652\" height=\"412\" srcset=\"https:\/\/www.maisbn.com\/portal\/wp-content\/uploads\/2013\/02\/Carlinhos_03.jpg 652w, https:\/\/www.maisbn.com\/portal\/wp-content\/uploads\/2013\/02\/Carlinhos_03-553x350.jpg 553w, https:\/\/www.maisbn.com\/portal\/wp-content\/uploads\/2013\/02\/Carlinhos_03-500x315.jpg 500w\" sizes=\"auto, (max-width: 652px) 100vw, 652px\" \/><\/a><\/p>\n<p>&nbsp;<\/p>\n<p>Com \u201cCarlinhos\u201d foram encontradas 28 gramas de coca\u00edna, 292 reais em dinheiro, um aparelho celular e uma carteira de habilita\u00e7\u00e3o.<\/p>\n<p>&nbsp;<\/p>\n<p><a href=\"http:\/\/www.maisbn.com\/portal\/wp-content\/uploads\/2013\/02\/Carlinhos_02.jpg\"><img loading=\"lazy\" decoding=\"async\" class=\"alignright  wp-image-2513\" alt=\"Carlinhos_02\" src=\"http:\/\/www.maisbn.com\/portal\/wp-content\/uploads\/2013\/02\/Carlinhos_02.jpg\" width=\"330\" height=\"522\" srcset=\"https:\/\/www.maisbn.com\/portal\/wp-content\/uploads\/2013\/02\/Carlinhos_02.jpg 412w, https:\/\/www.maisbn.com\/portal\/wp-content\/uploads\/2013\/02\/Carlinhos_02-221x350.jpg 221w\" sizes=\"auto, (max-width: 330px) 100vw, 330px\" \/><\/a>A Pol\u00edcia Militar com a ajuda de den\u00fancia an\u00f4nimas feitas pela popula\u00e7\u00e3o tem realizado v\u00e1rias incurs\u00f5es em Belmonte onde v\u00e1rias pessoas j\u00e1 foram presas por tr\u00e1fico de drogas.<\/p>\n<p>&nbsp;<\/p>\n<p>Com isso o cerco est\u00e1 se fechando para a bandidagem e aqueles que optarem por esse caminho com certeza ser\u00e1 preso e condenado pela justi\u00e7a.<\/p>\n<p>&nbsp;<\/p>\n<p>O Capit\u00e3o Ricardo que coordena as a\u00e7\u00f5es da Pol\u00edcia Militar em Belmonte ressalta mais uma vez a import\u00e2ncia da participa\u00e7\u00e3o da popula\u00e7\u00e3o atrav\u00e9s de den\u00fancia an\u00f4nima. Portanto quem estiver alguma informa\u00e7\u00e3o que possa ajudar a pol\u00edcia ligue para o 190 e denuncie, sua identidade ser\u00e1 mantida em absoluto sigilo.<\/p>\n<p><a href=\"http:\/\/www.maisbn.com\/portal\/wp-content\/uploads\/2013\/02\/mandado_prisao.jpg\"><img loading=\"lazy\" decoding=\"async\" class=\"size-full wp-image-2514 alignleft\" alt=\"mandado_prisao\" src=\"http:\/\/www.maisbn.com\/portal\/wp-content\/uploads\/2013\/02\/mandado_prisao.jpg\" width=\"523\" height=\"448\" srcset=\"https:\/\/www.maisbn.com\/portal\/wp-content\/uploads\/2013\/02\/mandado_prisao.jpg 523w, https:\/\/www.maisbn.com\/portal\/wp-content\/uploads\/2013\/02\/mandado_prisao-408x350.jpg 408w, https:\/\/www.maisbn.com\/portal\/wp-content\/uploads\/2013\/02\/mandado_prisao-500x428.jpg 500w\" sizes=\"auto, (max-width: 523px) 100vw, 523px\" \/><\/a><\/p>\n<p>&nbsp;<\/p>\n<p>&nbsp;<\/p>\n<p>&nbsp;<\/p>\n<p>&nbsp;<\/p>\n<p>&nbsp;<\/p>\n<p>&nbsp;<\/p>\n<p>&nbsp;<\/p>\n<p>&nbsp;<\/p>\n<p>&nbsp;<\/p>\n<p>&nbsp;<\/p>\n<p>&nbsp;<\/p>\n<p>&nbsp;<\/p>\n<p>&nbsp;<\/p>\n<p>&nbsp;<\/p>\n<p>&nbsp;<\/p>\n<p>&nbsp;<\/p>\n<p>&nbsp;<\/p>\n<p>&nbsp;<\/p>\n<p>&nbsp;<\/p>\n<p>&nbsp;<\/p>\n<p>&nbsp;<\/p>\n<p>&nbsp;<\/p>\n<p>&nbsp;<\/p>\n<p>&nbsp;<\/p>\n<p>&nbsp;<\/p>\n<p>&nbsp;<\/p>\n<address>Reda\u00e7\u00e3o Belmontenews com informa\u00e7\u00f5es da Pol\u00edcia Militar<\/address>\n<address>\u00a0<\/address>\n<address>\u00a0<\/address>\n","protected":false},"excerpt":{"rendered":"<p>Hoje por volta das 16:00h em Mogiqui\u00e7aba, Distrito de Belmonte, homens da Pol\u00edcia Militar sob o comando do Capit\u00e3o Ricardo, cumpriram o mandado de pris\u00e3o em desfavor de Edcarlos Ferreira dos Santos, vulgo \u201cCarlinhos\u201d, integrante da quadrilha do traficante Bui\u00fa que \u00e9 acusado de liderar o tr\u00e1fico de drogas em Porto Seguro e hoje \u00e9 [&hellip;]<\/p>\n","protected":false},"author":1,"featured_media":0,"comment_status":"closed","ping_status":"open","sticky":false,"template":"","format":"standard","meta":{"footnotes":""},"categories":[1],"tags":[158,282,48],"class_list":["post-2507","post","type-post","status-publish","format-standard","hentry","category-noticias","tag-5a-cia-de-policia-militar","tag-policia-militar","tag-trafico-de-drogas"],"_links":{"self":[{"href":"https:\/\/www.maisbn.com\/portal\/wp-json\/wp\/v2\/posts\/2507","targetHints":{"allow":["GET"]}}],"collection":[{"href":"https:\/\/www.maisbn.com\/portal\/wp-json\/wp\/v2\/posts"}],"about":[{"href":"https:\/\/www.maisbn.com\/portal\/wp-json\/wp\/v2\/types\/post"}],"author":[{"embeddable":true,"href":"https:\/\/www.maisbn.com\/portal\/wp-json\/wp\/v2\/users\/1"}],"replies":[{"embeddable":true,"href":"https:\/\/www.maisbn.com\/portal\/wp-json\/wp\/v2\/comments?post=2507"}],"version-history":[{"count":0,"href":"https:\/\/www.maisbn.com\/portal\/wp-json\/wp\/v2\/posts\/2507\/revisions"}],"wp:attachment":[{"href":"https:\/\/www.maisbn.com\/portal\/wp-json\/wp\/v2\/media?parent=2507"}],"wp:term":[{"taxonomy":"category","embeddable":true,"href":"https:\/\/www.maisbn.com\/portal\/wp-json\/wp\/v2\/categories?post=2507"},{"taxonomy":"post_tag","embeddable":true,"href":"https:\/\/www.maisbn.com\/portal\/wp-json\/wp\/v2\/tags?post=2507"}],"curies":[{"name":"wp","href":"https:\/\/api.w.org\/{rel}","templated":true}]}}