{"id":2475,"date":"2013-02-21T14:35:24","date_gmt":"2013-02-21T17:35:24","guid":{"rendered":"http:\/\/www.maisbn.com\/portal\/?p=2475"},"modified":"2013-02-21T14:35:24","modified_gmt":"2013-02-21T17:35:24","slug":"associacao-de-belmonte-sera-beneficiada-com-implantacao-de-agroindustria","status":"publish","type":"post","link":"https:\/\/www.maisbn.com\/portal\/2013\/02\/associacao-de-belmonte-sera-beneficiada-com-implantacao-de-agroindustria\/","title":{"rendered":"Associa\u00e7\u00e3o de Belmonte ser\u00e1 beneficiada com implanta\u00e7\u00e3o de Agroind\u00fastria."},"content":{"rendered":"<p>As associa\u00e7\u00f5es contempladas pelo edital de apoio a empreendimentos\u00a0econ\u00f4micos solid\u00e1rios e da agricultura familiar assinaram na tarde desta quarta-feira (20), no audit\u00f3rio da Casa Civil do Governo do Estado, no Centro Administrativo da Bahia, em Salvador, o termo de compromisso para implanta\u00e7\u00e3o de Agroind\u00fastrias Simplificadas de Hortifruticultura.<\/p>\n<p>A a\u00e7\u00e3o faz parte do Pacto para o Desenvolvimento da Costa do Descobrimento, resultado de parceria entre o Governo do Estado e a Veracel Celulose, inserido no programa\u00a0Vida Melhor. Seis entidades foram selecionadas pelo edital, que tamb\u00e9m inclui a aquisi\u00e7\u00e3o de ve\u00edculos utilit\u00e1rios e utens\u00edlios.<a href=\"http:\/\/www.maisbn.com\/portal\/wp-content\/uploads\/2013\/02\/logo-agroindustria.jpg\"><img loading=\"lazy\" decoding=\"async\" class=\"alignright  wp-image-2476\" alt=\"logo-agroindustria\" src=\"http:\/\/www.maisbn.com\/portal\/wp-content\/uploads\/2013\/02\/logo-agroindustria.jpg\" width=\"560\" height=\"420\" srcset=\"https:\/\/www.maisbn.com\/portal\/wp-content\/uploads\/2013\/02\/logo-agroindustria.jpg 800w, https:\/\/www.maisbn.com\/portal\/wp-content\/uploads\/2013\/02\/logo-agroindustria-466x350.jpg 466w, https:\/\/www.maisbn.com\/portal\/wp-content\/uploads\/2013\/02\/logo-agroindustria-500x375.jpg 500w\" sizes=\"auto, (max-width: 560px) 100vw, 560px\" \/><\/a><\/p>\n<p>O secret\u00e1rio estadual da casa Civil, Rui Costa, ressaltou que o objetivo fundamental desta iniciativa \u00e9 o benef\u00edcio direto ao cidad\u00e3o. \u201cOs equipamentos v\u00e3o viabilizar a escala e a autonomia de produ\u00e7\u00e3o \u00e0s 960 fam\u00edlias beneficiadas, incrementando a sua renda. Queremos melhorar a\u00a0qualidade\u00a0de vida das pessoas e seguiremos trabalhando, prioritariamente, pelos que mais precisam\u201d.<\/p>\n<p>Agricultor familiar h\u00e1 sete anos, Valdemir Almeida, 48 anos, membro da Associa\u00e7\u00e3o Unida Ro\u00e7a do Povo, destacou a import\u00e2ncia da a\u00e7\u00e3o, que beneficiar\u00e1 os 125 agricultores filiados a entidade e outros do entorno.<\/p>\n<p><b>Selo nos produtos<\/b><\/p>\n<p>Segundo Valdenir, \u201ca chegada da agroind\u00fastria ser\u00e1 maravilhosa, pois produziremos alimentos com mais qualidade e em maior quantidade. A\u00a0venda\u00a0tamb\u00e9m ser\u00e1 facilitada, com o selo nos produtos. O benef\u00edcio ainda vai se expandir \u00e0s associa\u00e7\u00f5es vizinhas \u00e0 nossa, pois vamos convid\u00e1-las a usufruir dessa agroind\u00fastria, melhorando a vida de um n\u00famero ainda maior de pessoas da regi\u00e3o\u201d.<\/p>\n<p>De acordo com o agricultor familiar Cosme Figueiredo, 54, representante da Associa\u00e7\u00e3o de Agricultor Ind\u00edgena Coroa Vermelha, a produ\u00e7\u00e3o de abacaxi, banana, coco e de hortali\u00e7as do grupo ser\u00e1 beneficiada em larga escala. \u201cVamos usar esses equipamentos em prol do trabalho das 200 fam\u00edlias da comunidade. Com certeza, teremos mais produtos para comercializar na feira\u201d. O representante adiantou vai tentar um conv\u00eanio com a prefeitura local e\u00a0vender\u00a0os produtos para a merenda escolar.<br \/>\nNa cerim\u00f4nia tamb\u00e9m estavam presentes os representantes das entidades, o gerente de sustentabilidade da Veracel Celulose, Renato Carneiro, e o superintendente da Agricultura Familiar do Estado, Wilson Dias.<\/p>\n<p><b>Entidades beneficiadas<\/b><\/p>\n<p>Associa\u00e7\u00e3o Projeto Maravilha (Eun\u00e1polis)<br \/>\nAssocia\u00e7\u00e3o de Agricultores Ind\u00edgenas Patax\u00f3 de Coroa Vermelha (Santa Cruz Cabr\u00e1lia)<br \/>\nAssocia\u00e7\u00e3o dos Pequenos Produtores do Assentamento Luis In\u00e1cio Lula da Silva (Santa Cruz Cabr\u00e1lia)<br \/>\nAssocia\u00e7\u00e3o dos Pequenos Produtores do Vale do Jequitinhonha (Belmonte)<br \/>\nAssocia\u00e7\u00e3o Unida Ro\u00e7a do Povo (Porto Seguro)<br \/>\nCooperativa Mista de Agricultores e Produtores da Uni\u00e3o Baiana (Itagimirim).<\/p>\n<address><em>Fonte: Radar 64<\/em><\/address>\n","protected":false},"excerpt":{"rendered":"<p>As associa\u00e7\u00f5es contempladas pelo edital de apoio a empreendimentos\u00a0econ\u00f4micos solid\u00e1rios e da agricultura familiar assinaram na tarde desta quarta-feira (20), no audit\u00f3rio da Casa Civil do Governo do Estado, no Centro Administrativo da Bahia, em Salvador, o termo de compromisso para implanta\u00e7\u00e3o de Agroind\u00fastrias Simplificadas de Hortifruticultura. A a\u00e7\u00e3o faz parte do Pacto para o [&hellip;]<\/p>\n","protected":false},"author":1,"featured_media":0,"comment_status":"closed","ping_status":"open","sticky":false,"template":"","format":"standard","meta":{"footnotes":""},"categories":[1],"tags":[44,30],"class_list":["post-2475","post","type-post","status-publish","format-standard","hentry","category-noticias","tag-belmonte-ba","tag-veracel"],"_links":{"self":[{"href":"https:\/\/www.maisbn.com\/portal\/wp-json\/wp\/v2\/posts\/2475","targetHints":{"allow":["GET"]}}],"collection":[{"href":"https:\/\/www.maisbn.com\/portal\/wp-json\/wp\/v2\/posts"}],"about":[{"href":"https:\/\/www.maisbn.com\/portal\/wp-json\/wp\/v2\/types\/post"}],"author":[{"embeddable":true,"href":"https:\/\/www.maisbn.com\/portal\/wp-json\/wp\/v2\/users\/1"}],"replies":[{"embeddable":true,"href":"https:\/\/www.maisbn.com\/portal\/wp-json\/wp\/v2\/comments?post=2475"}],"version-history":[{"count":0,"href":"https:\/\/www.maisbn.com\/portal\/wp-json\/wp\/v2\/posts\/2475\/revisions"}],"wp:attachment":[{"href":"https:\/\/www.maisbn.com\/portal\/wp-json\/wp\/v2\/media?parent=2475"}],"wp:term":[{"taxonomy":"category","embeddable":true,"href":"https:\/\/www.maisbn.com\/portal\/wp-json\/wp\/v2\/categories?post=2475"},{"taxonomy":"post_tag","embeddable":true,"href":"https:\/\/www.maisbn.com\/portal\/wp-json\/wp\/v2\/tags?post=2475"}],"curies":[{"name":"wp","href":"https:\/\/api.w.org\/{rel}","templated":true}]}}