{"id":2443,"date":"2013-02-18T16:06:49","date_gmt":"2013-02-18T19:06:49","guid":{"rendered":"http:\/\/www.maisbn.com\/portal\/?p=2443"},"modified":"2013-02-18T16:06:49","modified_gmt":"2013-02-18T19:06:49","slug":"esclarecimento-sobre-o-procedimento-de-colheitas-da-veracel","status":"publish","type":"post","link":"https:\/\/www.maisbn.com\/portal\/2013\/02\/esclarecimento-sobre-o-procedimento-de-colheitas-da-veracel\/","title":{"rendered":"Esclarecimento sobre o procedimento de colheitas da Veracel"},"content":{"rendered":"<p>Em fun\u00e7\u00e3o de informa\u00e7\u00f5es divulgadas recentemente sobre o processo de colheita da empresa, a Veracel esclarece que:<\/p>\n<p><a href=\"http:\/\/www.maisbn.com\/portal\/wp-content\/uploads\/2013\/02\/veracel.jpg\"><img loading=\"lazy\" decoding=\"async\" class=\"alignleft  wp-image-2444\" alt=\"veracel\" src=\"http:\/\/www.maisbn.com\/portal\/wp-content\/uploads\/2013\/02\/veracel.jpg\" width=\"320\" height=\"232\" \/><\/a>1 &#8211; O processo de plantio e colheita de eucalipto s\u00e3o licenciados pelos \u00f3rg\u00e3os\u00a0ambientais competentes e certificados de acordo com os princ\u00edpios e crit\u00e9rios do Forest Stewardship Council \u00ae (FSC\u00ae), do Programa Nacional de Certifica\u00e7\u00e3o Florestal (Cerflor) e do Sistema de Gest\u00e3o Ambiental NBR ISO14001. Toda a madeira oriunda de plantios pr\u00f3prios ou de produtores florestais, consumida na unidade industrial, \u00e9 100% certificada. Com base em seus valores e pol\u00edtica de gest\u00e3o e qualidade, a Veracel n\u00e3o adquire madeira de propriedades que n\u00e3o estejam regulares ambientalmente.<\/p>\n<p>2 &#8211; N\u00e3o h\u00e1 qualquer projeto ou inten\u00e7\u00e3o de expans\u00e3o da sua \u00e1rea de plantio no munic\u00edpio de Eun\u00e1polis.<\/p>\n<p>3 &#8211; Todas as a\u00e7\u00f5es da empresa s\u00e3o pautadas pela \u00e9tica empresarial, utilizando as melhores pr\u00e1ticas ambientais na f\u00e1brica, nos fluxos internos de produ\u00e7\u00e3o, nas planta\u00e7\u00f5es de eucalipto e na log\u00edstica.<\/p>\n<p>Neste sentido, a Veracel reitera a transpar\u00eancia em seus processos e o compromisso com o desenvolvimento\u00a0sustent\u00e1vel\u00a0da regi\u00e3o Sul da Bahia.<\/p>\n<p>&nbsp;<\/p>\n<p>&nbsp;<\/p>\n<p>&nbsp;<\/p>\n<p><em>Fonte: Ascom da Veracel<\/em><\/p>\n","protected":false},"excerpt":{"rendered":"<p>Em fun\u00e7\u00e3o de informa\u00e7\u00f5es divulgadas recentemente sobre o processo de colheita da empresa, a Veracel esclarece que: 1 &#8211; O processo de plantio e colheita de eucalipto s\u00e3o licenciados pelos \u00f3rg\u00e3os\u00a0ambientais competentes e certificados de acordo com os princ\u00edpios e crit\u00e9rios do Forest Stewardship Council \u00ae (FSC\u00ae), do Programa Nacional de Certifica\u00e7\u00e3o Florestal (Cerflor) e [&hellip;]<\/p>\n","protected":false},"author":1,"featured_media":0,"comment_status":"closed","ping_status":"open","sticky":false,"template":"","format":"standard","meta":{"footnotes":""},"categories":[1],"tags":[30],"class_list":["post-2443","post","type-post","status-publish","format-standard","hentry","category-noticias","tag-veracel"],"_links":{"self":[{"href":"https:\/\/www.maisbn.com\/portal\/wp-json\/wp\/v2\/posts\/2443","targetHints":{"allow":["GET"]}}],"collection":[{"href":"https:\/\/www.maisbn.com\/portal\/wp-json\/wp\/v2\/posts"}],"about":[{"href":"https:\/\/www.maisbn.com\/portal\/wp-json\/wp\/v2\/types\/post"}],"author":[{"embeddable":true,"href":"https:\/\/www.maisbn.com\/portal\/wp-json\/wp\/v2\/users\/1"}],"replies":[{"embeddable":true,"href":"https:\/\/www.maisbn.com\/portal\/wp-json\/wp\/v2\/comments?post=2443"}],"version-history":[{"count":0,"href":"https:\/\/www.maisbn.com\/portal\/wp-json\/wp\/v2\/posts\/2443\/revisions"}],"wp:attachment":[{"href":"https:\/\/www.maisbn.com\/portal\/wp-json\/wp\/v2\/media?parent=2443"}],"wp:term":[{"taxonomy":"category","embeddable":true,"href":"https:\/\/www.maisbn.com\/portal\/wp-json\/wp\/v2\/categories?post=2443"},{"taxonomy":"post_tag","embeddable":true,"href":"https:\/\/www.maisbn.com\/portal\/wp-json\/wp\/v2\/tags?post=2443"}],"curies":[{"name":"wp","href":"https:\/\/api.w.org\/{rel}","templated":true}]}}