{"id":2423,"date":"2013-02-15T22:24:51","date_gmt":"2013-02-16T00:24:51","guid":{"rendered":"http:\/\/www.maisbn.com\/portal\/?p=2423"},"modified":"2013-02-15T22:24:51","modified_gmt":"2013-02-16T00:24:51","slug":"uniao-entre-janio-natal-e-iedo-elias-deixa-a-populacao-de-belmonte-surpresa","status":"publish","type":"post","link":"https:\/\/www.maisbn.com\/portal\/2013\/02\/uniao-entre-janio-natal-e-iedo-elias-deixa-a-populacao-de-belmonte-surpresa\/","title":{"rendered":"Uni\u00e3o entre Janio Natal e I\u00eado Elias deixa a popula\u00e7\u00e3o de Belmonte surpresa."},"content":{"rendered":"<p><a href=\"http:\/\/www.maisbn.com\/portal\/wp-content\/uploads\/2013\/02\/IMG_0068.jpg\"><img loading=\"lazy\" decoding=\"async\" class=\"alignleft size-full wp-image-2424\" alt=\"IMG_0068\" src=\"http:\/\/www.maisbn.com\/portal\/wp-content\/uploads\/2013\/02\/IMG_0068.jpg\" width=\"600\" height=\"399\" srcset=\"https:\/\/www.maisbn.com\/portal\/wp-content\/uploads\/2013\/02\/IMG_0068.jpg 600w, https:\/\/www.maisbn.com\/portal\/wp-content\/uploads\/2013\/02\/IMG_0068-526x350.jpg 526w, https:\/\/www.maisbn.com\/portal\/wp-content\/uploads\/2013\/02\/IMG_0068-500x332.jpg 500w\" sizes=\"auto, (max-width: 600px) 100vw, 600px\" \/><\/a><\/p>\n<p>&nbsp;<\/p>\n<p>&nbsp;<\/p>\n<p>&nbsp;<\/p>\n<p><iframe loading=\"lazy\" src=\"http:\/\/www.youtube.com\/embed\/6XqKIe5NF8Q\" height=\"360\" width=\"640\" allowfullscreen=\"\" frameborder=\"0\"><\/iframe><\/p>\n<p>&nbsp;<\/p>\n<p>A popula\u00e7\u00e3o de Belmonte nos dias do carnaval teve uma grande surpresa que deixou a mesma perplexa. O motivo da surpresa \u00e9 a uni\u00e3o anunciada do ex-prefeito I\u00eado Elias e o deputado federal J\u00e2nio Natal. Os dois pol\u00edticos durante 08 anos foram opostos e protagonizaram embates dignos de entrar para a hist\u00f3ria da cidade e hoje anunciaram que est\u00e3o juntos para a surpresa de todos.<\/p>\n<p>Durante uma entrevista gravada pelo Jornal de Belmonte, os dois dentro da sua \u00f3tica pol\u00edtica, teceram elogios um ao outro, selando um reencontro amistoso. Em suas palavras I\u00eado afirmou o seu apoio \u00e0 candidatura de J\u00e2nio Natal tanto para deputado estadual como para prefeito em qualquer dos munic\u00edpios da Costa do Descobrimento, por entender que pol\u00edtica se faz com a uni\u00e3o, ressaltando o apoio recebido do Deputado Federal Claudio Cajado, como uma das melhores parcerias no seu \u00faltimo mandato de prefeito em Belmonte. I\u00eado Elias ainda comentou que o motivo da uni\u00e3o \u00e9 o bem de Belmonte e que nenhum dos dois tem necessidade de serem obrigados a conviverem juntos politicamente. J\u00e2nio ainda comentou durante a entrevista que os fatos que aconteceram quando os dois eram lados opostos j\u00e1 se passaram e que os dois apenas usaram as armas que tinham no momento para vencerem as elei\u00e7\u00f5es. J\u00e2nio ainda comentou que estava se pondo \u00e0 disposi\u00e7\u00e3o da prefeita Alice Elias e de seus vereadores para conseguir os recursos necess\u00e1rios para o desenvolvimento da cidade e que agora \u00e9 hora de caminhar juntos por uma Belmonte melhor.<\/p>\n<p>Por outro lado, a noticia n\u00e3o foi bem aceita pelos correligion\u00e1rios ferrenhos que enxergam uma trai\u00e7\u00e3o dos dois pol\u00edticos para com os seus grupos. Tudo porque ainda est\u00e1 entravado na garganta dos correligion\u00e1rios, mais dos de J\u00e2nio Natal, as persegui\u00e7\u00f5es sofridas ap\u00f3s a pol\u00edtica. &#8220;Foram 08 anos sofrendo com I\u00eado no poder por ter apoiado o grupo pol\u00edtico do deputado J\u00e2nio Natal, para depois ver uma cena lastim\u00e1vel dessa.&#8221; &#8211; Comentou uma eleitora de Janival que n\u00e3o quis se identificar \u00e0 nossa equipe logo que soube do anuncio da uni\u00e3o.<\/p>\n<p>Outro ponto que se deve ressaltar agora \u00e9 que Belmonte est\u00e1 sem l\u00edder pol\u00edtico de oposi\u00e7\u00e3o. O empres\u00e1rio Janival Andrade ainda n\u00e3o se manifestou e nem se sabe a posi\u00e7\u00e3o do mesmo sobre o fato, tamb\u00e9m n\u00e3o se sabe se o mesmo continuar\u00e1 disputando a Prefeitura de Belmonte, caso n\u00e3o haja apoio do irm\u00e3o e nem dinheiro. O empres\u00e1rio Bebeto Gama, apesar de conseguir muitos votos, ainda assim precisa de dinheiro para conseguir surgir realmente como oposicionista. O que constatamos \u00e9 que o nosso povo agora n\u00e3o tem mais um l\u00edder pol\u00edtico confi\u00e1vel e isso \u00e9 perigoso porque torna os belmontenses ainda mais control\u00e1veis. Geralmente os exclu\u00eddos de um governo se apoiam emocionalmente e contam com a oposi\u00e7\u00e3o como se fosse uma seguran\u00e7a psicol\u00f3gica. A partir de agora isso n\u00e3o existe mais. No momento, n\u00e3o sabemos como est\u00e1 o cen\u00e1rio pol\u00edtico. N\u00e3o sabemos se Alice continua com o seu antecessor, se Janival continua ou n\u00e3o com o irm\u00e3o e nem se Bebeto tem for\u00e7a suficiente para enfrentar a J\u00e2nio e I\u00eado nas pr\u00f3ximas elei\u00e7\u00f5es. O povo est\u00e1 indeciso e a \u00fanica coisa que se sabe \u00e9 que com o an\u00fancio quem mais perdeu foi o deputado federal J\u00e2nio Natal, j\u00e1 que, acredita-se que os seus correligion\u00e1rios fi\u00e9is que lutaram esse tempo todo e que sofreram persegui\u00e7\u00f5es por votar no deputado, agora se encontram desolados e enraivados por terem sofrido persegui\u00e7\u00f5es em v\u00e3o.<\/p>\n<p>Mas a pol\u00edtica s\u00f3 est\u00e1 come\u00e7ando e ainda veremos muitas coisas acontecerem durante o per\u00edodo, por enquanto s\u00f3 nos basta torcer que a prefeita Alice Elias consiga fazer um bom mandato, independente de que lado a mesma esteja, e que traga felicidades e esperan\u00e7a ao povo belmontense que depositou toda a confian\u00e7a em seu projeto de governo.<\/p>\n","protected":false},"excerpt":{"rendered":"<p>&nbsp; &nbsp; &nbsp; &nbsp; A popula\u00e7\u00e3o de Belmonte nos dias do carnaval teve uma grande surpresa que deixou a mesma perplexa. O motivo da surpresa \u00e9 a uni\u00e3o anunciada do ex-prefeito I\u00eado Elias e o deputado federal J\u00e2nio Natal. Os dois pol\u00edticos durante 08 anos foram opostos e protagonizaram embates dignos de entrar para a [&hellip;]<\/p>\n","protected":false},"author":1,"featured_media":0,"comment_status":"closed","ping_status":"open","sticky":false,"template":"","format":"standard","meta":{"footnotes":""},"categories":[1],"tags":[131,148,43],"class_list":["post-2423","post","type-post","status-publish","format-standard","hentry","category-noticias","tag-iedo-elias","tag-janio-natal","tag-politica-2"],"_links":{"self":[{"href":"https:\/\/www.maisbn.com\/portal\/wp-json\/wp\/v2\/posts\/2423","targetHints":{"allow":["GET"]}}],"collection":[{"href":"https:\/\/www.maisbn.com\/portal\/wp-json\/wp\/v2\/posts"}],"about":[{"href":"https:\/\/www.maisbn.com\/portal\/wp-json\/wp\/v2\/types\/post"}],"author":[{"embeddable":true,"href":"https:\/\/www.maisbn.com\/portal\/wp-json\/wp\/v2\/users\/1"}],"replies":[{"embeddable":true,"href":"https:\/\/www.maisbn.com\/portal\/wp-json\/wp\/v2\/comments?post=2423"}],"version-history":[{"count":0,"href":"https:\/\/www.maisbn.com\/portal\/wp-json\/wp\/v2\/posts\/2423\/revisions"}],"wp:attachment":[{"href":"https:\/\/www.maisbn.com\/portal\/wp-json\/wp\/v2\/media?parent=2423"}],"wp:term":[{"taxonomy":"category","embeddable":true,"href":"https:\/\/www.maisbn.com\/portal\/wp-json\/wp\/v2\/categories?post=2423"},{"taxonomy":"post_tag","embeddable":true,"href":"https:\/\/www.maisbn.com\/portal\/wp-json\/wp\/v2\/tags?post=2423"}],"curies":[{"name":"wp","href":"https:\/\/api.w.org\/{rel}","templated":true}]}}