{"id":23502,"date":"2019-09-16T16:57:16","date_gmt":"2019-09-16T19:57:16","guid":{"rendered":"http:\/\/www.maisbn.com\/portal\/?p=23502"},"modified":"2019-09-16T16:57:16","modified_gmt":"2019-09-16T19:57:16","slug":"belmonte-perde-para-sao-jose-da-vitoria-mas-continua-no-intermunicipal-2019","status":"publish","type":"post","link":"https:\/\/www.maisbn.com\/portal\/2019\/09\/belmonte-perde-para-sao-jose-da-vitoria-mas-continua-no-intermunicipal-2019\/","title":{"rendered":"Belmonte perde para S\u00e3o Jos\u00e9 da Vit\u00f3ria, mas continua no Intermunicipal 2019."},"content":{"rendered":"<p><a href=\"http:\/\/www.maisbn.com\/portal\/wp-content\/uploads\/2019\/09\/selecaodebelmonte00009.jpg\"><img loading=\"lazy\" decoding=\"async\" class=\"aligncenter  wp-image-23503\" src=\"http:\/\/www.maisbn.com\/portal\/wp-content\/uploads\/2019\/09\/selecaodebelmonte00009.jpg\" alt=\"selecaodebelmonte00009\" width=\"600\" height=\"385\" \/><\/a><\/p>\n<p>A Sele\u00e7\u00e3o Municipal de Belmonte enfrentou nesse domingo (15\/09) a Sele\u00e7\u00e3o de S\u00e3o Jos\u00e9 da Vit\u00f3ria, dentro dos dom\u00ednios da equipe advers\u00e1ria, o Est\u00e1dio Silveir\u00e3o, mas, infelizmente, foi derrotada com o placar de 01 x 00. O jogo foi marcado por muitas movimenta\u00e7\u00f5es, onde as duas equipes disputaram cada segundo da partida com jogadas e arrancadas que impressionavam a torcida. Na primeira partida, entre as duas sele\u00e7\u00f5es, realizada no Est\u00e1dio Orland\u00e3o 70, Belmonte tinha levado a melhor e o favoritismo da Sele\u00e7\u00e3o de Belmonte era grande, mas todas as previs\u00f5es mudaram quando a equipe de S\u00e3o Jos\u00e9 da Vit\u00f3ria apresentou um jogo mais agressivo que fez frente \u00e0s investidas belmontenses.<\/p>\n<p><a href=\"http:\/\/www.maisbn.com\/portal\/wp-content\/uploads\/2019\/09\/selecaodebelmonte00015.jpg\"><img loading=\"lazy\" decoding=\"async\" class=\"aligncenter  wp-image-23504\" src=\"http:\/\/www.maisbn.com\/portal\/wp-content\/uploads\/2019\/09\/selecaodebelmonte00015.jpg\" alt=\"selecaodebelmonte00015\" width=\"600\" height=\"385\" \/><\/a><\/p>\n<p>Nos 45 minutos do primeiro tempo as duas equipes se apresentaram bastante equilibradas, os lances se repetiam a cada minuto e os gols teimavam em n\u00e3o sair. O segundo tempo n\u00e3o foi diferente e o nervosismo que estava tomando conta da partida resultou na expuls\u00e3o de um dos jogadores belmontenses. O Goleiro Niltinho, da Sele\u00e7\u00e3o de Belmonte, aos 38 minutos frustrou a inten\u00e7\u00e3o de S\u00e3o Jos\u00e9 da Vit\u00f3ria de liquidar a partida com a defesa espetacular de um p\u00eanalti. Passando o tempo regular, o \u00e1rbitro ainda deu mais 06 minutos de acr\u00e9scimo que foram aproveitados pelo jogador Saci, do S\u00e3o Jos\u00e9 da Vit\u00f3ria, que passou pela defesa belmontense e marcou o \u00fanico gol da partida. Apesar da derrota, Belmonte conseguiu se classificar para a pr\u00f3xima fase com 50% de aproveitamento e na segunda posi\u00e7\u00e3o do grupo. Agora a equipe belmontense iniciar\u00e1 o sistema mata-mata com dois jogos contra a Sele\u00e7\u00e3o de Itamaraju, onde a equipe derrotada ser\u00e1 desclassificada do Intermunicipal 2019. O primeiro jogo desse emocionante embate ser\u00e1 no pr\u00f3ximo dia 22\/09 no Est\u00e1dio Orland\u00e3o 70, onde \u00e9 esperada a presen\u00e7a maci\u00e7a da torcida para incentivar os jogadores em mais essa conquista dentro da competi\u00e7\u00e3o. A partida de retorno ser\u00e1 no pr\u00f3ximo dia 29\/09 dentro da cidade de Itamaraju.<\/p>\n<p><a href=\"http:\/\/www.maisbn.com\/portal\/wp-content\/uploads\/2019\/09\/selecaodebelmonte00014.jpg\"><img loading=\"lazy\" decoding=\"async\" class=\"aligncenter  wp-image-23507\" src=\"http:\/\/www.maisbn.com\/portal\/wp-content\/uploads\/2019\/09\/selecaodebelmonte00014.jpg\" alt=\"selecaodebelmonte00014\" width=\"600\" height=\"385\" \/><\/a><\/p>\n<p>A Sele\u00e7\u00e3o de Belmonte tem o apoio da Prefeitura Municipal de Belmonte, atrav\u00e9s do Prefeito Janival Borges, do Deputado Estadual J\u00e2nio Natal, do Secret\u00e1rio de Infraestrutura Luciano Alves, do Secret\u00e1rio de Finan\u00e7as Alexandre Haerter, do Secret\u00e1rio de Esportes Faf\u00e1, do Secret\u00e1rio de Assist\u00eancia Social Claudio e do Secret\u00e1rio de Sa\u00fade T\u00e1rcio Lapa. A LDB, na pessoa do presidente Gamarra, ainda agradeceu ao com\u00e9rcio local pelo importante apoio na manuten\u00e7\u00e3o da Sele\u00e7\u00e3o de Belmonte no Intermunicipal.<\/p>\n<p>&nbsp;<\/p>\n","protected":false},"excerpt":{"rendered":"<p>A Sele\u00e7\u00e3o Municipal de Belmonte enfrentou nesse domingo (15\/09) a Sele\u00e7\u00e3o de S\u00e3o Jos\u00e9 da Vit\u00f3ria, dentro dos dom\u00ednios da equipe advers\u00e1ria, o Est\u00e1dio Silveir\u00e3o, mas, infelizmente, foi derrotada com o placar de 01 x 00. O jogo foi marcado por muitas movimenta\u00e7\u00f5es, onde as duas equipes disputaram cada segundo da partida com jogadas e [&hellip;]<\/p>\n","protected":false},"author":7,"featured_media":23506,"comment_status":"open","ping_status":"open","sticky":false,"template":"","format":"standard","meta":{"footnotes":""},"categories":[1],"tags":[],"class_list":["post-23502","post","type-post","status-publish","format-standard","has-post-thumbnail","hentry","category-noticias"],"_links":{"self":[{"href":"https:\/\/www.maisbn.com\/portal\/wp-json\/wp\/v2\/posts\/23502","targetHints":{"allow":["GET"]}}],"collection":[{"href":"https:\/\/www.maisbn.com\/portal\/wp-json\/wp\/v2\/posts"}],"about":[{"href":"https:\/\/www.maisbn.com\/portal\/wp-json\/wp\/v2\/types\/post"}],"author":[{"embeddable":true,"href":"https:\/\/www.maisbn.com\/portal\/wp-json\/wp\/v2\/users\/7"}],"replies":[{"embeddable":true,"href":"https:\/\/www.maisbn.com\/portal\/wp-json\/wp\/v2\/comments?post=23502"}],"version-history":[{"count":1,"href":"https:\/\/www.maisbn.com\/portal\/wp-json\/wp\/v2\/posts\/23502\/revisions"}],"predecessor-version":[{"id":23508,"href":"https:\/\/www.maisbn.com\/portal\/wp-json\/wp\/v2\/posts\/23502\/revisions\/23508"}],"wp:featuredmedia":[{"embeddable":true,"href":"https:\/\/www.maisbn.com\/portal\/wp-json\/wp\/v2\/media\/23506"}],"wp:attachment":[{"href":"https:\/\/www.maisbn.com\/portal\/wp-json\/wp\/v2\/media?parent=23502"}],"wp:term":[{"taxonomy":"category","embeddable":true,"href":"https:\/\/www.maisbn.com\/portal\/wp-json\/wp\/v2\/categories?post=23502"},{"taxonomy":"post_tag","embeddable":true,"href":"https:\/\/www.maisbn.com\/portal\/wp-json\/wp\/v2\/tags?post=23502"}],"curies":[{"name":"wp","href":"https:\/\/api.w.org\/{rel}","templated":true}]}}