{"id":23488,"date":"2019-09-15T16:20:58","date_gmt":"2019-09-15T19:20:58","guid":{"rendered":"http:\/\/www.maisbn.com\/portal\/?p=23488"},"modified":"2019-09-15T16:36:36","modified_gmt":"2019-09-15T19:36:36","slug":"seguranca-publica-de-belmonte-contara-com-duas-importantes-conquistas","status":"publish","type":"post","link":"https:\/\/www.maisbn.com\/portal\/2019\/09\/seguranca-publica-de-belmonte-contara-com-duas-importantes-conquistas\/","title":{"rendered":"Seguran\u00e7a P\u00fablica de Belmonte contar\u00e1 com duas importantes conquistas."},"content":{"rendered":"<p><a href=\"http:\/\/www.maisbn.com\/portal\/wp-content\/uploads\/2019\/09\/WhatsApp-Image-2019-09-04-at-16.38.38.jpeg\"><img loading=\"lazy\" decoding=\"async\" class=\"aligncenter size-full wp-image-23489\" src=\"http:\/\/www.maisbn.com\/portal\/wp-content\/uploads\/2019\/09\/WhatsApp-Image-2019-09-04-at-16.38.38.jpeg\" alt=\"WhatsApp Image 2019-09-04 at 16.38.38\" width=\"576\" height=\"370\" \/><\/a><\/p>\n<p>No pr\u00f3ximo dia 20\/09 Belmonte estar\u00e1 recebendo duas importantes conquistas no \u00e2mbito da seguran\u00e7a p\u00fablica da cidade. Estamos falando da inaugura\u00e7\u00e3o do Sistema de Monitoramento que j\u00e1 est\u00e1 sendo instalado na cidade com apoio de equipes da Prefeitura Municipal de Belmonte e contar\u00e1 com c\u00e2meras de seguran\u00e7a de ultima gera\u00e7\u00e3o. As c\u00e2meras ser\u00e3o operadas pelas unidades das pol\u00edcias civil e militar locais e tamb\u00e9m pelo Centro Integrado de Comunica\u00e7\u00e3o da Secretaria Estadual de Seguran\u00e7a P\u00fablica, unidade de Porto Seguro. O monitoramento de Belmonte est\u00e1 sendo financiado com recursos liberados por um conv\u00eanio institucional entre a Pol\u00edcia Civil e a Justi\u00e7a do Trabalho, conseguido atrav\u00e9s de um projeto do Vereador Alfredo Aberceb apresentado \u00e0 Ju\u00edza Titular da Justi\u00e7a do Trabalho de Porto Seguro, Andr\u00e9a Shwarz.<\/p>\n<p><a href=\"http:\/\/www.maisbn.com\/portal\/wp-content\/uploads\/2019\/09\/DSC02562-692x360.jpg\"><img loading=\"lazy\" decoding=\"async\" class=\"aligncenter wp-image-23491\" src=\"http:\/\/www.maisbn.com\/portal\/wp-content\/uploads\/2019\/09\/DSC02562-692x360.jpg\" alt=\"DSC02562-692x360\" width=\"600\" height=\"312\" \/><\/a><\/p>\n<p>Tamb\u00e9m na ocasi\u00e3o, que contar\u00e1 com a presen\u00e7a de diversas autoridades, ser\u00e3o entregues pelo comando do 8\u00ba Batalh\u00e3o de Policia Militar duas novas motocicletas modele CB 300 que passar\u00e3o a ser usadas pelo pelot\u00e3o de motociclistas j\u00e1 em atividade na cidade. Capit\u00e3o Neri, comandante da Pol\u00edcia Militar em Belmonte, informou que as motocicletas Yamaha Lander, j\u00e1 em uso no policiamento local, ser\u00e3o transferidas para os povoados de Santa Maria Eterna e Boca do C\u00f3rrego, onde ser\u00e3o empregadas no policiamento ostensivo das duas localidades. *<strong><em>&#8220;Agrade\u00e7o ao Comandante do 8\u00baBPM, Tenente-coronel Fran\u00e7a, por mais essa grande conquista e ao Prefeito Janival Borges pelo apoio e parceria com a Pol\u00edcia Militar na cidade.&#8221;*<\/em><\/strong> &#8211; Finalizou o oficial.<\/p>\n","protected":false},"excerpt":{"rendered":"<p>No pr\u00f3ximo dia 20\/09 Belmonte estar\u00e1 recebendo duas importantes conquistas no \u00e2mbito da seguran\u00e7a p\u00fablica da cidade. Estamos falando da inaugura\u00e7\u00e3o do Sistema de Monitoramento que j\u00e1 est\u00e1 sendo instalado na cidade com apoio de equipes da Prefeitura Municipal de Belmonte e contar\u00e1 com c\u00e2meras de seguran\u00e7a de ultima gera\u00e7\u00e3o. As c\u00e2meras ser\u00e3o operadas pelas [&hellip;]<\/p>\n","protected":false},"author":7,"featured_media":22447,"comment_status":"open","ping_status":"open","sticky":false,"template":"","format":"standard","meta":{"footnotes":""},"categories":[45,1],"tags":[],"class_list":["post-23488","post","type-post","status-publish","format-standard","has-post-thumbnail","hentry","category-cidades","category-noticias"],"_links":{"self":[{"href":"https:\/\/www.maisbn.com\/portal\/wp-json\/wp\/v2\/posts\/23488","targetHints":{"allow":["GET"]}}],"collection":[{"href":"https:\/\/www.maisbn.com\/portal\/wp-json\/wp\/v2\/posts"}],"about":[{"href":"https:\/\/www.maisbn.com\/portal\/wp-json\/wp\/v2\/types\/post"}],"author":[{"embeddable":true,"href":"https:\/\/www.maisbn.com\/portal\/wp-json\/wp\/v2\/users\/7"}],"replies":[{"embeddable":true,"href":"https:\/\/www.maisbn.com\/portal\/wp-json\/wp\/v2\/comments?post=23488"}],"version-history":[{"count":2,"href":"https:\/\/www.maisbn.com\/portal\/wp-json\/wp\/v2\/posts\/23488\/revisions"}],"predecessor-version":[{"id":23494,"href":"https:\/\/www.maisbn.com\/portal\/wp-json\/wp\/v2\/posts\/23488\/revisions\/23494"}],"wp:featuredmedia":[{"embeddable":true,"href":"https:\/\/www.maisbn.com\/portal\/wp-json\/wp\/v2\/media\/22447"}],"wp:attachment":[{"href":"https:\/\/www.maisbn.com\/portal\/wp-json\/wp\/v2\/media?parent=23488"}],"wp:term":[{"taxonomy":"category","embeddable":true,"href":"https:\/\/www.maisbn.com\/portal\/wp-json\/wp\/v2\/categories?post=23488"},{"taxonomy":"post_tag","embeddable":true,"href":"https:\/\/www.maisbn.com\/portal\/wp-json\/wp\/v2\/tags?post=23488"}],"curies":[{"name":"wp","href":"https:\/\/api.w.org\/{rel}","templated":true}]}}