{"id":23479,"date":"2019-09-14T15:00:54","date_gmt":"2019-09-14T18:00:54","guid":{"rendered":"http:\/\/www.maisbn.com\/portal\/?p=23479"},"modified":"2019-09-14T15:00:54","modified_gmt":"2019-09-14T18:00:54","slug":"governador-anuncia-pagamento-dos-royalties-do-petroleo-aos-municipios-em-janeiro","status":"publish","type":"post","link":"https:\/\/www.maisbn.com\/portal\/2019\/09\/governador-anuncia-pagamento-dos-royalties-do-petroleo-aos-municipios-em-janeiro\/","title":{"rendered":"Governador anuncia pagamento dos royalties do Petr\u00f3leo aos munic\u00edpios em Janeiro."},"content":{"rendered":"<p style=\"font-weight: 400;\"><a href=\"http:\/\/www.maisbn.com\/portal\/wp-content\/uploads\/2019\/09\/9d8f382cb0d88eef416a878719c89efb.jpg\"><img loading=\"lazy\" decoding=\"async\" class=\"aligncenter  wp-image-23480\" src=\"http:\/\/www.maisbn.com\/portal\/wp-content\/uploads\/2019\/09\/9d8f382cb0d88eef416a878719c89efb.jpg\" alt=\"9d8f382cb0d88eef416a878719c89efb\" width=\"601\" height=\"312\" \/><\/a><\/p>\n<p style=\"font-weight: 400;\">A cerim\u00f4nia de abertura do 7\u00ba Encontro de Prefeitos, que aconteceu na tarde desta sexta-feira (13), em Cama\u00e7ari, resultou na conquista de uma luta municipalista que se arrastava por mais de 25 anos e foi prioridade da gest\u00e3o do presidente da Uni\u00e3o dos Munic\u00edpios da Bahia, Eures Ribeiro, desde que assumiu. Na oportunidade o governador Rui Costa anunciou que vai pagar os royalties do petr\u00f3leo aos munic\u00edpios baianos a partir de janeiro. A conquista foi comemorada por Eures. \u201c<em><strong>Esse \u00e9 o resultado de uma luta nossa antiga. Finalmente, algu\u00e9m que veio do povo, para socorrer os prefeitos que est\u00e3o em situa\u00e7\u00e3o dif\u00edcil\u201d<\/strong><\/em>, disse. <em><strong>\u201cQuero que fa\u00e7am acordo, o mais r\u00e1pido poss\u00edvel, nas a\u00e7\u00f5es e nos processos, seja no coletivo da UPB ou nas a\u00e7\u00f5es individuais dos munic\u00edpios, que requerem o pagamento dos royalties do petr\u00f3leo. Feito o acordo judicial, quero come\u00e7ar a pagar a partir de janeiro de 2020\u201d<\/strong><\/em>, anunciou Rui Costa.<\/p>\n<p style=\"font-weight: 400;\">Mais de 317 prefeitos estavam presentes na abertura do evento, al\u00e9m de deputados estaduais e federais, senadores e representantes de institui\u00e7\u00f5es parceiras. O presidente da Confedera\u00e7\u00e3o Nacional de Munic\u00edpios (CNM), Glademir Aroldi, aproveitou a oportunidade para convocar os prefeitos presentes a participarem da Mobiliza\u00e7\u00e3o Municipalista, que acontece, em Bras\u00edlia, nesta ter\u00e7a-feira, dia 17. \u201c<em><strong>N\u00f3s vamos, sim, buscar a aprova\u00e7\u00e3o das nossas pautas no Congresso Nacional, com a for\u00e7a dos prefeitos e prefeitas da Bahia\u201d<\/strong><\/em>, disse.<\/p>\n<p style=\"font-weight: 400;\">A import\u00e2ncia da troca de informa\u00e7\u00f5es proporcionada a cada edi\u00e7\u00e3o do Encontro de Prefeitos foi ressaltada pelo diretor do departamento da Rede S\u00f3cio-assistencial Privada do SUAS, Alberto Carlos Freitas Alegre, que representou do Ministro da Cidadania, Osmar Terra. <em><strong>\u201cVamos passar esses tr\u00eas dias trocando informa\u00e7\u00e3o objetiva e verdadeira visando a melhoria do nosso trabalho\u201d<\/strong><\/em>, afirmou. Tamb\u00e9m fizeram parte da mesa de abertura do evento os senadores, Otto Alencar e Jaques Wagner, o presidente da Assembleia Legislativa da Bahia (Alba), Nelson Leal, o deputado federal, Daniel Almeida, a presidente da Uni\u00e3o de Vereadores da Bahia \u2013 UVB, Edylene Ferreira, e o superintendente do Sebrae Bahia, Jorge Khoury, al\u00e9m dos diretores da UPB. Os prefeitos Paulo Bonfim, Juazeiro; Antonio Silva Neto, Araci; Jos\u00e9 Henrique Tigre, Belo Campo; e Jos\u00e9 Roberto Neves, Caule. Ao todo o evento conta com mais de 1100 participantes.<\/p>\n<p style=\"font-weight: 400;\"><b><strong>7\u00ba Encontro de Prefeitos acontece at\u00e9 este domingo (15)<\/strong><\/b><\/p>\n<p style=\"font-weight: 400;\">O 7\u00ba Encontro de Prefeitos acontece at\u00e9 este domingo (15) com o tema <strong>\u201cEstrat\u00e9gia de Gest\u00e3o e Capta\u00e7\u00e3o de Recursos\u201d<\/strong>. O principal objetivo de capacitar os gestores para promover mudan\u00e7as locais atrav\u00e9s de pol\u00edticas p\u00fablicas. Entre os destaques est\u00e1 a abertura de di\u00e1logo com os governos Estadual e Federal para dar conhecimento aos munic\u00edpios sobre oportunidades de captar investimentos. Al\u00e9m das palestras, os gestores t\u00eam acesso ao atendimento individualizado de secretarias estaduais e dos Minist\u00e9rios da Economia, do Desenvolvimento Regional, Turismo, Minist\u00e9rio da Cidadania \u2013 atrav\u00e9s da Secretaria Nacional de Assist\u00eancia Social, Minist\u00e9rio da Justi\u00e7a e Seguran\u00e7a P\u00fablica e Minist\u00e9rio da Sa\u00fade, com t\u00e9cnicos da Funasa.<\/p>\n","protected":false},"excerpt":{"rendered":"<p>A cerim\u00f4nia de abertura do 7\u00ba Encontro de Prefeitos, que aconteceu na tarde desta sexta-feira (13), em Cama\u00e7ari, resultou na conquista de uma luta municipalista que se arrastava por mais de 25 anos e foi prioridade da gest\u00e3o do presidente da Uni\u00e3o dos Munic\u00edpios da Bahia, Eures Ribeiro, desde que assumiu. Na oportunidade o governador [&hellip;]<\/p>\n","protected":false},"author":7,"featured_media":23480,"comment_status":"open","ping_status":"open","sticky":false,"template":"","format":"standard","meta":{"footnotes":""},"categories":[20,1],"tags":[],"class_list":["post-23479","post","type-post","status-publish","format-standard","has-post-thumbnail","hentry","category-bahia","category-noticias"],"_links":{"self":[{"href":"https:\/\/www.maisbn.com\/portal\/wp-json\/wp\/v2\/posts\/23479","targetHints":{"allow":["GET"]}}],"collection":[{"href":"https:\/\/www.maisbn.com\/portal\/wp-json\/wp\/v2\/posts"}],"about":[{"href":"https:\/\/www.maisbn.com\/portal\/wp-json\/wp\/v2\/types\/post"}],"author":[{"embeddable":true,"href":"https:\/\/www.maisbn.com\/portal\/wp-json\/wp\/v2\/users\/7"}],"replies":[{"embeddable":true,"href":"https:\/\/www.maisbn.com\/portal\/wp-json\/wp\/v2\/comments?post=23479"}],"version-history":[{"count":1,"href":"https:\/\/www.maisbn.com\/portal\/wp-json\/wp\/v2\/posts\/23479\/revisions"}],"predecessor-version":[{"id":23481,"href":"https:\/\/www.maisbn.com\/portal\/wp-json\/wp\/v2\/posts\/23479\/revisions\/23481"}],"wp:featuredmedia":[{"embeddable":true,"href":"https:\/\/www.maisbn.com\/portal\/wp-json\/wp\/v2\/media\/23480"}],"wp:attachment":[{"href":"https:\/\/www.maisbn.com\/portal\/wp-json\/wp\/v2\/media?parent=23479"}],"wp:term":[{"taxonomy":"category","embeddable":true,"href":"https:\/\/www.maisbn.com\/portal\/wp-json\/wp\/v2\/categories?post=23479"},{"taxonomy":"post_tag","embeddable":true,"href":"https:\/\/www.maisbn.com\/portal\/wp-json\/wp\/v2\/tags?post=23479"}],"curies":[{"name":"wp","href":"https:\/\/api.w.org\/{rel}","templated":true}]}}