{"id":2344,"date":"2013-02-05T23:19:11","date_gmt":"2013-02-06T01:19:11","guid":{"rendered":"http:\/\/www.maisbn.com\/portal\/?p=2344"},"modified":"2013-02-05T23:19:11","modified_gmt":"2013-02-06T01:19:11","slug":"ampliacao-da-veracel-foi-adiada-para-2017-diz-jornal","status":"publish","type":"post","link":"https:\/\/www.maisbn.com\/portal\/2013\/02\/ampliacao-da-veracel-foi-adiada-para-2017-diz-jornal\/","title":{"rendered":"Amplia\u00e7\u00e3o da Veracel foi adiada para 2017, diz jornal"},"content":{"rendered":"<p>A amplia\u00e7\u00e3o da f\u00e1brica de celulose da Veracel no munic\u00edpio de Eun\u00e1polis, um\u00a0investimento R$ 6 bilh\u00f5es que vem sendo anunciado desde 2006 e que foi anunciado por diretores e pelo governador Jaques Wagner na comemora\u00e7\u00e3o dos 20 anos da empresa, foi adiada e s\u00f3 dever\u00e1 ser retomado em 2017, segundo informa\u00e7\u00f5es do jornal Bahia Econ\u00f4mica.<\/p>\n<p>Isso apesar do Inema ter concedido a Licen\u00e7a Pr\u00e9via para a amplia\u00e7\u00e3o da unidade fabril de celulose branqueada de eucalipto, com capacidade nominal de produ\u00e7\u00e3o de 1,5 milh\u00e3o de toneladas\/ano e amplia\u00e7\u00e3o da base florestal com\u00a0plantio\u00a0de 93 mil hectares.<\/p>\n<p><a href=\"http:\/\/www.maisbn.com\/portal\/wp-content\/uploads\/2013\/02\/alipio_neto_d.jpg\"><img loading=\"lazy\" decoding=\"async\" class=\"size-full wp-image-2345 aligncenter\" alt=\"alipio_neto_d\" src=\"http:\/\/www.maisbn.com\/portal\/wp-content\/uploads\/2013\/02\/alipio_neto_d.jpg\" width=\"640\" height=\"280\" srcset=\"https:\/\/www.maisbn.com\/portal\/wp-content\/uploads\/2013\/02\/alipio_neto_d.jpg 640w, https:\/\/www.maisbn.com\/portal\/wp-content\/uploads\/2013\/02\/alipio_neto_d-500x218.jpg 500w\" sizes=\"auto, (max-width: 640px) 100vw, 640px\" \/><\/a><\/p>\n<p>Eem 2008, diretores da Stora Enzo, uma das controladoras da empresa, garantiu ao governador Jaques Wagner, em reuni\u00e3o na cidade de Estocolmo, Su\u00e9cia, que o investimento seria realizado. Apesar do empenho do governo do estado, a decis\u00e3o de investir\u00a0n\u00e3o foi tomada pelos acionistas, informa a publica\u00e7\u00e3o.<\/p>\n<p>A Stora Enso e a F\u00edbria, empresas que controlam a Veracel, est\u00e3o investindo em outros locais. A Stora Enso deve inaugurar em 2013 sua planta em Montes del Plata, no Uruguai, por meio de uma joint venture com o conglomerado chileno Copec. J\u00e1 a Fibria vai investir R$1,2 bilh\u00e3o de\u00a0reais\u00a0em 2013, mas na nova unidade em Tr\u00eas Lagoas, no Mato Grosso do Sul.<\/p>\n<p><b>Presdiente confirma adiamento<\/b><\/p>\n<p>Segundo a Secretaria de Comunica\u00e7\u00e3o de Eun\u00e1polis, na segunda-feira (5), durante encontro com o prefeito Neto Guerrieri e alguns secret\u00e1rios municipais, o presidente da Veracel Celulose, S\u00e9rgio Al\u00edpio,\u00a0afirmou que al\u00e9m da instabilidade dos mercados americano, europeu e asi\u00e1tico, os prazos excessivos de libera\u00e7\u00e3o das licen\u00e7as e dificuldades impostas tamb\u00e9m por medidas do Minist\u00e9rio P\u00fablico contribu\u00edram decisivamente para o adiamento do projeto de amplia\u00e7\u00e3o.<\/p>\n<p>Ele explicou que a partir de 2005 a empresa deu in\u00edcio ao projeto da Veracel 2, um investimento que absorveria R$ 6 bilh\u00f5es,mas que diante das dificuldades os acionistas decidiram investir em outra regi\u00e3o naquele momento, optando por um projeto mais vi\u00e1vel do ponto de vista jur\u00eddico, no Uruguai. \u201cMas eu n\u00e3o tenho d\u00favidas de que a Veracel 2 vai acontecer, mas n\u00e3o ser\u00e1 no curto prazo\u201d, pondera o presidente.<\/p>\n","protected":false},"excerpt":{"rendered":"<p>A amplia\u00e7\u00e3o da f\u00e1brica de celulose da Veracel no munic\u00edpio de Eun\u00e1polis, um\u00a0investimento R$ 6 bilh\u00f5es que vem sendo anunciado desde 2006 e que foi anunciado por diretores e pelo governador Jaques Wagner na comemora\u00e7\u00e3o dos 20 anos da empresa, foi adiada e s\u00f3 dever\u00e1 ser retomado em 2017, segundo informa\u00e7\u00f5es do jornal Bahia Econ\u00f4mica. [&hellip;]<\/p>\n","protected":false},"author":1,"featured_media":0,"comment_status":"closed","ping_status":"open","sticky":false,"template":"","format":"standard","meta":{"footnotes":""},"categories":[29,1],"tags":[30],"class_list":["post-2344","post","type-post","status-publish","format-standard","hentry","category-empreendimentos","category-noticias","tag-veracel"],"_links":{"self":[{"href":"https:\/\/www.maisbn.com\/portal\/wp-json\/wp\/v2\/posts\/2344","targetHints":{"allow":["GET"]}}],"collection":[{"href":"https:\/\/www.maisbn.com\/portal\/wp-json\/wp\/v2\/posts"}],"about":[{"href":"https:\/\/www.maisbn.com\/portal\/wp-json\/wp\/v2\/types\/post"}],"author":[{"embeddable":true,"href":"https:\/\/www.maisbn.com\/portal\/wp-json\/wp\/v2\/users\/1"}],"replies":[{"embeddable":true,"href":"https:\/\/www.maisbn.com\/portal\/wp-json\/wp\/v2\/comments?post=2344"}],"version-history":[{"count":0,"href":"https:\/\/www.maisbn.com\/portal\/wp-json\/wp\/v2\/posts\/2344\/revisions"}],"wp:attachment":[{"href":"https:\/\/www.maisbn.com\/portal\/wp-json\/wp\/v2\/media?parent=2344"}],"wp:term":[{"taxonomy":"category","embeddable":true,"href":"https:\/\/www.maisbn.com\/portal\/wp-json\/wp\/v2\/categories?post=2344"},{"taxonomy":"post_tag","embeddable":true,"href":"https:\/\/www.maisbn.com\/portal\/wp-json\/wp\/v2\/tags?post=2344"}],"curies":[{"name":"wp","href":"https:\/\/api.w.org\/{rel}","templated":true}]}}