{"id":2340,"date":"2013-02-05T22:40:24","date_gmt":"2013-02-06T00:40:24","guid":{"rendered":"http:\/\/www.maisbn.com\/portal\/?p=2340"},"modified":"2013-02-05T22:40:24","modified_gmt":"2013-02-06T00:40:24","slug":"educar-para-a-cidadania-planetaria-e-o-tema-da-jornada-pedagogica-2013-em-belmonte","status":"publish","type":"post","link":"https:\/\/www.maisbn.com\/portal\/2013\/02\/educar-para-a-cidadania-planetaria-e-o-tema-da-jornada-pedagogica-2013-em-belmonte\/","title":{"rendered":"\u201cEducar para a Cidadania Planet\u00e1ria&#8221; \u00e9 o tema da Jornada Pedag\u00f3gica 2013 em Belmonte."},"content":{"rendered":"<div id=\"attachment_2339\" style=\"width: 190px\" class=\"wp-caption alignright\"><a href=\"http:\/\/www.maisbn.com\/portal\/wp-content\/uploads\/2013\/02\/401-e1360108316325.jpg\"><img loading=\"lazy\" decoding=\"async\" aria-describedby=\"caption-attachment-2339\" class=\" wp-image-2339\" alt=\"401-e1360108316325\" src=\"http:\/\/www.maisbn.com\/portal\/wp-content\/uploads\/2013\/02\/401-e1360108316325.jpg\" width=\"180\" height=\"235\" srcset=\"https:\/\/www.maisbn.com\/portal\/wp-content\/uploads\/2013\/02\/401-e1360108316325.jpg 300w, https:\/\/www.maisbn.com\/portal\/wp-content\/uploads\/2013\/02\/401-e1360108316325-268x350.jpg 268w\" sizes=\"auto, (max-width: 180px) 100vw, 180px\" \/><\/a><p id=\"caption-attachment-2339\" class=\"wp-caption-text\">Secret\u00e1ria de Educa\u00e7\u00e3o Sr. L\u00edcia Raic<\/p><\/div>\n<p>O espa\u00e7o ma\u00e7\u00f4nico Elias Jos\u00e9 Elias vem sendo palco de grandes encontros, e nesta segunda feira 04 de fevereiro, mais um evento teve lugar, coordenado pela Secretaria Municipal de Educa\u00e7\u00e3o com apoio da Secretaria Municipal de Sa\u00fade e da Prefeitura Municipal de Belmonte: Jornada Pedag\u00f3gica 2013, que aborda a tem\u00e1tica \u201cEducar para a Cidadania Planet\u00e1ria\u201d, cuja proposta prev\u00ea uma abordagem segundo uma \u00f3tica transversal aos curr\u00edculos das diferentes \u00e1reas do conhecimento.<\/p>\n<p>A abertura contou com a presen\u00e7a da Prefeita Alice Maria Magnavita, a Vice-Prefeita Carla Xavier, a Secret\u00e1ria Municipal de Educa\u00e7\u00e3o Sra. L\u00edcia Raic, a Presidente do Conselho Municipal de Educa\u00e7\u00e3o Sra. Gl\u00e1ucia Suzart, o Comandante da 5\u00aa Cia do 8\u00ba Batalh\u00e3o de Policia Militar da Bahia Capit\u00e3o Ricardo Freitas, a Presidente da APLB Sra. Ionete Martins, o Presidente da C\u00e2mara de Vereadores Sr. Alvino Matos autoridades eclesi\u00e1sticas, gestores educacionais, alunos da rede municipal e outros, que assistiram \u00e0 apresenta\u00e7\u00e3o do Grupo de Dan\u00e7a R\u00edtmica da Escola prof. L\u00facio Coelho(programa Mais Educa\u00e7\u00e3o), sob a orienta\u00e7\u00e3o da Professora H\u00e9lvia Almeida.<\/p>\n<p>Ap\u00f3s constitu\u00edda a mesa, cada convidado formulou um breve discurso, todos enaltecendo o valor da educa\u00e7\u00e3o<\/p>\n<div id=\"attachment_2341\" style=\"width: 190px\" class=\"wp-caption alignleft\"><a href=\"http:\/\/www.maisbn.com\/portal\/wp-content\/uploads\/2013\/02\/402-e1360108500212.jpg\"><img loading=\"lazy\" decoding=\"async\" aria-describedby=\"caption-attachment-2341\" class=\" wp-image-2341\" alt=\"402-e1360108500212\" src=\"http:\/\/www.maisbn.com\/portal\/wp-content\/uploads\/2013\/02\/402-e1360108500212.jpg\" width=\"180\" height=\"208\" \/><\/a><p id=\"caption-attachment-2341\" class=\"wp-caption-text\">Prefeita de Belmonte &#8211; Sr. Alice Maria de Brito<\/p><\/div>\n<p>para o nosso pa\u00eds e que esta Jornada se conclua com igual \u00eaxito dos anos anteriores. Tamb\u00e9m contribu\u00edram o Prof. Sebasti\u00e3o Cerqueira Neto, Doutor em Geografia, coordenador de Pesquisa do Campus Porto Seguro e o Prof. Leonardo Thompson da Silva, Mestre em Cultura e Turismo pela UESC, Professor e Pesquisador do IFBA Porto Seguro, debatendo o tema: Dialogando Sobre a Sustentabilidade.<\/p>\n<p>As atividades da Jornada Pedag\u00f3gica 2013 ter\u00e3o continuidade nos ambientes escolares nos pr\u00f3ximos dias 05, 06 e 07 do m\u00eas em curso, das 8.00h 12.00h e das 14.00h \u00e0s 17.00h.,com a seguinte\u00a0 programa\u00e7\u00e3o: dia 05 pela manh\u00e3, a apresenta\u00e7\u00e3o e discuss\u00e3o sobre o IDEB do munic\u00edpio e apresenta\u00e7\u00e3o<\/p>\n<p>do \u201cPlano Nacional de Alfabetiza\u00e7\u00e3o na Idade Certa;\u00a0 e pela tarde trabalho em grupo abordando o tema \u201cA Educa\u00e7\u00e3o Precisa de Respostas\u00a0 e a elabora do Plano de A\u00e7\u00e3o da Equipe Gestora: Dire\u00e7\u00e3o, coordena\u00e7\u00e3o e Secretaria; no dia 06 pela manh\u00e3 a apresenta\u00e7\u00e3o do Plano de A\u00e7\u00e3o, do Calend\u00e1rio, Cronograma para grupo de estudos e revis\u00e3o do PPP e Regimento |Interno; pela tarde ser\u00e1 retomada do tema para elabora\u00e7\u00e3o do grupo do Projeto Sustentabilidade e elabora\u00e7\u00e3o do projeto para o ano letivo; no ultimo dia 07\/02 teremos pela manh\u00e3 O Plano de Curso e pela tarde o Plano de Aula Quinzenal.<\/p>\n<p>Estas jornadas anuais t\u00eam como escopo a an\u00e1lise do desenvolvimento educacional no munic\u00edpio, com vista ao aprimoramento das atividades escolares, metodologias de ensino que contribuam para um melhor aprendizado da classe discente.<\/p>\n<p>&nbsp;<\/p>\n<address>Fonte e fotos Jornal de Belmonte<\/address>\n<p>&nbsp;<\/p>\n","protected":false},"excerpt":{"rendered":"<p>O espa\u00e7o ma\u00e7\u00f4nico Elias Jos\u00e9 Elias vem sendo palco de grandes encontros, e nesta segunda feira 04 de fevereiro, mais um evento teve lugar, coordenado pela Secretaria Municipal de Educa\u00e7\u00e3o com apoio da Secretaria Municipal de Sa\u00fade e da Prefeitura Municipal de Belmonte: Jornada Pedag\u00f3gica 2013, que aborda a tem\u00e1tica \u201cEducar para a Cidadania Planet\u00e1ria\u201d, [&hellip;]<\/p>\n","protected":false},"author":1,"featured_media":0,"comment_status":"closed","ping_status":"open","sticky":false,"template":"","format":"standard","meta":{"footnotes":""},"categories":[8,1],"tags":[623],"class_list":["post-2340","post","type-post","status-publish","format-standard","hentry","category-educacao","category-noticias","tag-educacao"],"_links":{"self":[{"href":"https:\/\/www.maisbn.com\/portal\/wp-json\/wp\/v2\/posts\/2340","targetHints":{"allow":["GET"]}}],"collection":[{"href":"https:\/\/www.maisbn.com\/portal\/wp-json\/wp\/v2\/posts"}],"about":[{"href":"https:\/\/www.maisbn.com\/portal\/wp-json\/wp\/v2\/types\/post"}],"author":[{"embeddable":true,"href":"https:\/\/www.maisbn.com\/portal\/wp-json\/wp\/v2\/users\/1"}],"replies":[{"embeddable":true,"href":"https:\/\/www.maisbn.com\/portal\/wp-json\/wp\/v2\/comments?post=2340"}],"version-history":[{"count":0,"href":"https:\/\/www.maisbn.com\/portal\/wp-json\/wp\/v2\/posts\/2340\/revisions"}],"wp:attachment":[{"href":"https:\/\/www.maisbn.com\/portal\/wp-json\/wp\/v2\/media?parent=2340"}],"wp:term":[{"taxonomy":"category","embeddable":true,"href":"https:\/\/www.maisbn.com\/portal\/wp-json\/wp\/v2\/categories?post=2340"},{"taxonomy":"post_tag","embeddable":true,"href":"https:\/\/www.maisbn.com\/portal\/wp-json\/wp\/v2\/tags?post=2340"}],"curies":[{"name":"wp","href":"https:\/\/api.w.org\/{rel}","templated":true}]}}