{"id":2321,"date":"2013-02-03T17:56:47","date_gmt":"2013-02-03T19:56:47","guid":{"rendered":"http:\/\/www.maisbn.com\/portal\/?p=2321"},"modified":"2013-02-03T17:56:47","modified_gmt":"2013-02-03T19:56:47","slug":"violencia-no-carnaval-de-cabralia-um-policial-baleado-e-ataques-de-bandidos-a-turistas","status":"publish","type":"post","link":"https:\/\/www.maisbn.com\/portal\/2013\/02\/violencia-no-carnaval-de-cabralia-um-policial-baleado-e-ataques-de-bandidos-a-turistas\/","title":{"rendered":"Violencia no carnaval de Cabralia: Um policial baleado e ataques de bandidos a turistas"},"content":{"rendered":"<p><a href=\"http:\/\/www.maisbn.com\/portal\/noticias\/primo-mata-o-outro-e-depois-e-assassinado-em-santa-cruz-cabralia\/attachment\/violencia-urbana-resumo\" rel=\"attachment wp-att-1439\"><img loading=\"lazy\" decoding=\"async\" class=\"size-full wp-image-1439 alignleft\" alt=\"Violencia-urbana-resumo\" src=\"http:\/\/www.maisbn.com\/portal\/wp-content\/uploads\/2012\/10\/Violencia-urbana-resumo.jpg\" width=\"260\" height=\"180\" \/><\/a>Infelizmente em meio a uma folia t\u00e3o bonita e organizada que est\u00e1 sendo o Carnaval 2013 em Santa Cruz Cabr\u00e1lia, sempre tem pessoas que usam esse bom momento para aprontarem e destruir a alegria da festa atrav\u00e9s de roubos, brigas e bebedeiras desenfreadas. Felizmente em todos os casos as for\u00e7as de seguran\u00e7a estavam presentes e agiram imediatamente contendo todas as incidencias.<\/p>\n<p>Entre todos os casos, dois foram os que chamaram mais a aten\u00e7\u00e3o. O primeiro aconteceu no s\u00e1bado (02\/02) \u00a0por volta das 06:00 Hrs da manh\u00e3 envolvendo um grupo formado por cinco jovens, onde apenas o jovem Lazaro Costa Gloria era o maior de idade com 19 anos e, acusado pelas vitimas como o chefe do grupo. Esse grupo fez um verdadeiro arrast\u00e3o assaltando tr\u00eas turistas em pontos diferentes do circuito da festa. A Policia Militar empreendeu v\u00e1rias buscas em todos os cantos da cidade e conseguiu prender o grupo que j\u00e1 tinha se espalhado. Os menores infratores foram presos no bairro Campinho, centro da cidade e nas proximidades da Policl\u00ednica. Todos foram levados para a delegacia e reconhecidos pelas v\u00edtimas, sendo que, no meio da confus\u00e3o ainda um \u00f4nibus teve as janelas quebradas devido \u00e0 revolta das v\u00edtimas que tinham sido assaltadas e tentaram prender os meliantes a todo custo enquanto a Policia Militar n\u00e3o chegava no local.<\/p>\n<p>Por volta das 18:00 Hrs aconteceu mais outro incidente violento. Dessa vez os envolvidos foram dois policiais militares de folga que se desentenderam na conveni\u00eancia de um posto de gasolina. Um dos envolvidos acabou alvejando o seu colega. O tiro pegou de rasp\u00e3o embaixo do bra\u00e7o da v\u00edtima que conseguiu escapar por pouco da agress\u00e3o. A Viatura da Policia Militar de Santa Cruz Cabr\u00e1lia chegou rapidamente no local, conseguiu desarmar o agressor e prend\u00ea-lo em flagrante, a v\u00edtima j\u00e1 tinha sido socorrida antes da chegada da viatura. A Policia Militar ouviu a v\u00edtima ainda no mesmo dia e o agressor ficou preso na sede do 8\u00ba Batalh\u00e3o em Porto Seguro para apura\u00e7\u00e3o do ocorrido. Os envolvidos foram identificados como SD PM Porto (agressor) e Sd PM Pereira (V\u00edtima).<\/p>\n","protected":false},"excerpt":{"rendered":"<p>Infelizmente em meio a uma folia t\u00e3o bonita e organizada que est\u00e1 sendo o Carnaval 2013 em Santa Cruz Cabr\u00e1lia, sempre tem pessoas que usam esse bom momento para aprontarem e destruir a alegria da festa atrav\u00e9s de roubos, brigas e bebedeiras desenfreadas. Felizmente em todos os casos as for\u00e7as de seguran\u00e7a estavam presentes e [&hellip;]<\/p>\n","protected":false},"author":7,"featured_media":0,"comment_status":"closed","ping_status":"open","sticky":false,"template":"","format":"standard","meta":{"footnotes":""},"categories":[1,16],"tags":[335,340],"class_list":["post-2321","post","type-post","status-publish","format-standard","hentry","category-noticias","category-policial","tag-carnaval-de-cabralia","tag-violencia"],"_links":{"self":[{"href":"https:\/\/www.maisbn.com\/portal\/wp-json\/wp\/v2\/posts\/2321","targetHints":{"allow":["GET"]}}],"collection":[{"href":"https:\/\/www.maisbn.com\/portal\/wp-json\/wp\/v2\/posts"}],"about":[{"href":"https:\/\/www.maisbn.com\/portal\/wp-json\/wp\/v2\/types\/post"}],"author":[{"embeddable":true,"href":"https:\/\/www.maisbn.com\/portal\/wp-json\/wp\/v2\/users\/7"}],"replies":[{"embeddable":true,"href":"https:\/\/www.maisbn.com\/portal\/wp-json\/wp\/v2\/comments?post=2321"}],"version-history":[{"count":0,"href":"https:\/\/www.maisbn.com\/portal\/wp-json\/wp\/v2\/posts\/2321\/revisions"}],"wp:attachment":[{"href":"https:\/\/www.maisbn.com\/portal\/wp-json\/wp\/v2\/media?parent=2321"}],"wp:term":[{"taxonomy":"category","embeddable":true,"href":"https:\/\/www.maisbn.com\/portal\/wp-json\/wp\/v2\/categories?post=2321"},{"taxonomy":"post_tag","embeddable":true,"href":"https:\/\/www.maisbn.com\/portal\/wp-json\/wp\/v2\/tags?post=2321"}],"curies":[{"name":"wp","href":"https:\/\/api.w.org\/{rel}","templated":true}]}}