{"id":22890,"date":"2019-07-22T08:07:17","date_gmt":"2019-07-22T11:07:17","guid":{"rendered":"http:\/\/www.maisbn.com\/portal\/?p=22890"},"modified":"2019-07-22T08:07:17","modified_gmt":"2019-07-22T11:07:17","slug":"veracel-celulose-divulga-edital-para-contratacao-de-profissionais","status":"publish","type":"post","link":"https:\/\/www.maisbn.com\/portal\/2019\/07\/veracel-celulose-divulga-edital-para-contratacao-de-profissionais\/","title":{"rendered":"Veracel Celulose divulga edital para contrata\u00e7\u00e3o de profissionais"},"content":{"rendered":"<p><strong>Estagi\u00e1rio de n\u00edvel t\u00e9cnico \u2013 Sa\u00fade Ocupacional <\/strong><\/p>\n<p>&nbsp;<\/p>\n<p>Requisitos necess\u00e1rios:<\/p>\n<p>&nbsp;<\/p>\n<ul>\n<li>Estar cursando o Curso T\u00e9cnico em Enfermagem.<\/li>\n<li>Conhecimento em Pacote Office (Word, Excel, Power Point, e Outlook).<\/li>\n<\/ul>\n<p>&nbsp;<\/p>\n<p><strong>\u00a0<\/strong><\/p>\n<p><strong>DADOS SOBRE O EST\u00c1GIO: <\/strong><\/p>\n<p>&nbsp;<\/p>\n<ul>\n<li>Quantidade de vagas: 1 (uma).<\/li>\n<li>Dura\u00e7\u00e3o do Est\u00e1gio: at\u00e9 12 meses.<\/li>\n<li>Hor\u00e1rio de est\u00e1gio: 6 horas di\u00e1rias (os candidatos dever\u00e3o ter disponibilidade para estagiar no per\u00edodo diurno, a partir das 8h).<\/li>\n<li>Atividades que ser\u00e3o realizadas pelo Estagi\u00e1rio: apoiar as rotinas administrativas e dar suporte aos colaboradores da \u00e1rea nos processos de Sa\u00fade Ocupacional (gerar pedido de compra e RC, execu\u00e7\u00e3o dos programas de PCMSO, PQV, gest\u00e3o dos afastados, processos de retornos dos afastados, campanhas internas de sa\u00fade e nos eventos da SIPAT e Semana da Sa\u00fade).<\/li>\n<li>Oferecemos bolsa-aux\u00edlio, transporte e alimenta\u00e7\u00e3o (almo\u00e7o), plano de sa\u00fade e odontol\u00f3gico.<\/li>\n<\/ul>\n<p>&nbsp;<\/p>\n<p>&nbsp;<\/p>\n<p>Os interessados devem cadastrar curr\u00edculo at\u00e9 o dia <strong>21\/07\/2019,<\/strong> acessando o site <a href=\"http:\/\/www.vagas.com.br\/veracel\" data-saferedirecturl=\"https:\/\/www.google.com\/url?q=http:\/\/www.vagas.com.br\/veracel&amp;source=gmail&amp;ust=1563879794579000&amp;usg=AFQjCNHc_CiCo7mYvp7CPX-XMDqKP02e1g\"><strong>www.vagas.com.br\/veracel<\/strong><\/a><strong>.<\/strong> \u00a0Localize a op\u00e7\u00e3o Conhe\u00e7a as nossas vagas \u2013 Clique no t\u00edtulo da vaga para ter acesso \u00e0s informa\u00e7\u00f5es detalhadas e como candidatar-se \u2013 Depois, clique em Candidatura. A candidatura \u00e0 vaga s\u00f3 \u00e9 poss\u00edvel ap\u00f3s o cadastro das informa\u00e7\u00f5es no site.<\/p>\n<p>A Veracel \u00e9 uma empresa que se preocupa com a inclus\u00e3o. Todas as vagas tamb\u00e9m s\u00e3o destinadas a candidatos com defici\u00eancias.<\/p>\n<p>&nbsp;<\/p>\n<p>&nbsp;<\/p>\n<p>&nbsp;<\/p>\n<p>&nbsp;<\/p>\n<p><strong>Estagi\u00e1rio de n\u00edvel superior \u2013 Geoprocessamento <\/strong><\/p>\n<p>&nbsp;<\/p>\n<p>Requisitos necess\u00e1rios:<\/p>\n<p>&nbsp;<\/p>\n<ul>\n<li>Estar cursando Engenharia Florestal, em fase de conclus\u00e3o de curso.<\/li>\n<li>Conhecimento em Pacote Office (Word, Excel, Power Point, e Outlook) n\u00edvel intermedi\u00e1rio.<\/li>\n<\/ul>\n<p>&nbsp;<\/p>\n<p><strong>\u00a0<\/strong><\/p>\n<p><strong>DADOS SOBRE O EST\u00c1GIO: <\/strong><\/p>\n<p>&nbsp;<\/p>\n<ul>\n<li>Quantidade de vagas: 1 (uma).<\/li>\n<li>Atividades que ser\u00e3o realizadas pelo estagi\u00e1rio: dar suporte \u00e0 equipe de geoprocessamento na implanta\u00e7\u00e3o de tecnologia mobile para edi\u00e7\u00e3o de mapas de campo, processamento e an\u00e1lise de dados LIDAR e atividades de rotina da \u00e1rea.<\/li>\n<li>Oferecemos bolsa-aux\u00edlio, transporte e alimenta\u00e7\u00e3o (almo\u00e7o).<\/li>\n<\/ul>\n<p>&nbsp;<\/p>\n<p>&nbsp;<\/p>\n<p>Os interessados devem cadastrar curr\u00edculo at\u00e9 o dia <strong>22\/07\/2019,<\/strong> acessando o site <a href=\"http:\/\/www.vagas.com.br\/veracel\" data-saferedirecturl=\"https:\/\/www.google.com\/url?q=http:\/\/www.vagas.com.br\/veracel&amp;source=gmail&amp;ust=1563879794579000&amp;usg=AFQjCNHc_CiCo7mYvp7CPX-XMDqKP02e1g\"><strong>www.vagas.com.br\/veracel<\/strong><\/a><strong>.<\/strong> \u00a0Localize a op\u00e7\u00e3o Conhe\u00e7a as nossas vagas \u2013 Clique no t\u00edtulo da vaga para ter acesso \u00e0s informa\u00e7\u00f5es detalhadas e como candidatar-se \u2013 Depois, clique em Candidatura. A candidatura \u00e0 vaga s\u00f3 \u00e9 poss\u00edvel ap\u00f3s o cadastro das informa\u00e7\u00f5es no site.<\/p>\n<p>A Veracel \u00e9 uma empresa que se preocupa com a inclus\u00e3o. Todas as vagas tamb\u00e9m s\u00e3o destinadas a candidatos com defici\u00eancias.<\/p>\n","protected":false},"excerpt":{"rendered":"<p>Estagi\u00e1rio de n\u00edvel t\u00e9cnico \u2013 Sa\u00fade Ocupacional &nbsp; Requisitos necess\u00e1rios: &nbsp; Estar cursando o Curso T\u00e9cnico em Enfermagem. Conhecimento em Pacote Office (Word, Excel, Power Point, e Outlook). &nbsp; \u00a0 DADOS SOBRE O EST\u00c1GIO: &nbsp; Quantidade de vagas: 1 (uma). Dura\u00e7\u00e3o do Est\u00e1gio: at\u00e9 12 meses. Hor\u00e1rio de est\u00e1gio: 6 horas di\u00e1rias (os candidatos dever\u00e3o [&hellip;]<\/p>\n","protected":false},"author":1,"featured_media":7685,"comment_status":"open","ping_status":"open","sticky":false,"template":"","format":"standard","meta":{"footnotes":""},"categories":[9,1],"tags":[],"class_list":["post-22890","post","type-post","status-publish","format-standard","has-post-thumbnail","hentry","category-concursos-oportunidades","category-noticias"],"_links":{"self":[{"href":"https:\/\/www.maisbn.com\/portal\/wp-json\/wp\/v2\/posts\/22890","targetHints":{"allow":["GET"]}}],"collection":[{"href":"https:\/\/www.maisbn.com\/portal\/wp-json\/wp\/v2\/posts"}],"about":[{"href":"https:\/\/www.maisbn.com\/portal\/wp-json\/wp\/v2\/types\/post"}],"author":[{"embeddable":true,"href":"https:\/\/www.maisbn.com\/portal\/wp-json\/wp\/v2\/users\/1"}],"replies":[{"embeddable":true,"href":"https:\/\/www.maisbn.com\/portal\/wp-json\/wp\/v2\/comments?post=22890"}],"version-history":[{"count":1,"href":"https:\/\/www.maisbn.com\/portal\/wp-json\/wp\/v2\/posts\/22890\/revisions"}],"predecessor-version":[{"id":22891,"href":"https:\/\/www.maisbn.com\/portal\/wp-json\/wp\/v2\/posts\/22890\/revisions\/22891"}],"wp:featuredmedia":[{"embeddable":true,"href":"https:\/\/www.maisbn.com\/portal\/wp-json\/wp\/v2\/media\/7685"}],"wp:attachment":[{"href":"https:\/\/www.maisbn.com\/portal\/wp-json\/wp\/v2\/media?parent=22890"}],"wp:term":[{"taxonomy":"category","embeddable":true,"href":"https:\/\/www.maisbn.com\/portal\/wp-json\/wp\/v2\/categories?post=22890"},{"taxonomy":"post_tag","embeddable":true,"href":"https:\/\/www.maisbn.com\/portal\/wp-json\/wp\/v2\/tags?post=22890"}],"curies":[{"name":"wp","href":"https:\/\/api.w.org\/{rel}","templated":true}]}}