{"id":22886,"date":"2019-07-21T23:08:41","date_gmt":"2019-07-22T02:08:41","guid":{"rendered":"http:\/\/www.maisbn.com\/portal\/?p=22886"},"modified":"2019-07-21T23:13:10","modified_gmt":"2019-07-22T02:13:10","slug":"prefeito-de-belmonte-critica-interrupcao-do-abastecimento-de-agua-causado-por-blackout-de-energia","status":"publish","type":"post","link":"https:\/\/www.maisbn.com\/portal\/2019\/07\/prefeito-de-belmonte-critica-interrupcao-do-abastecimento-de-agua-causado-por-blackout-de-energia\/","title":{"rendered":"Prefeito de Belmonte critica interrup\u00e7\u00e3o do abastecimento de \u00e1gua causada por Blackout de energia."},"content":{"rendered":"<p><a href=\"http:\/\/www.maisbn.com\/portal\/wp-content\/uploads\/2019\/07\/embasa-falta-agua-1280x720.jpg\"><img loading=\"lazy\" decoding=\"async\" class=\"aligncenter wp-image-22887 \" src=\"http:\/\/www.maisbn.com\/portal\/wp-content\/uploads\/2019\/07\/embasa-falta-agua-1280x720-1000x563.jpg\" alt=\"\" width=\"601\" height=\"338\" srcset=\"https:\/\/www.maisbn.com\/portal\/wp-content\/uploads\/2019\/07\/embasa-falta-agua-1280x720-1000x563.jpg 1000w, https:\/\/www.maisbn.com\/portal\/wp-content\/uploads\/2019\/07\/embasa-falta-agua-1280x720.jpg 1280w\" sizes=\"auto, (max-width: 601px) 100vw, 601px\" \/><\/a><\/p>\n<p>A EMBASA informou em nota divulgada no in\u00edcio da noite desse domingo (21\/07) que o fornecimento de \u00e1gua da sede do munic\u00edpio de Belmonte foi prejudicado por causa da falta de energia causada por um curto-circuito na rede de alta tens\u00e3o da COELBA.\u00a0 A EMBASA informou que, devido a falta de energia na Esta\u00e7\u00e3o de Tratamento de \u00e1gua, o abastecimento foi interrompido no per\u00edodo da tarde e que t\u00e9cnicos da empresa abriram solicita\u00e7\u00e3o de restabelecimento junto \u00e0 COELBA que foi atendida por volta das 21:00Hrs. A empresa informou que os equipamentos entraram em opera\u00e7\u00e3o e que o abastecimento de \u00e1gua ser\u00e1 retomado de forma gradativa.<\/p>\n<p>Em conversa com nossa equipe, o prefeito Janival Borges informou que a falta de \u00e1gua foi notada em alguns locais onde as equipes e turistas que est\u00e3o participando do FESTIVALE est\u00e3o hospedados e comentou que a EMBASA j\u00e1 deveria ter um gerador de emerg\u00eancia para suprir as falhas na rede el\u00e9trica da COELBA.<strong><em> &#8220;Quando propomos a licita\u00e7\u00e3o do abastecimento de \u00e1gua de Belmonte constaria no novo contrato da empresa ganhadora do certame a instala\u00e7\u00e3o de um gerador de emerg\u00eancia para essas situa\u00e7\u00f5es. Infelizmente \u00e9 uma coisa l\u00f3gica que a EMBASA n\u00e3o tem interesse em fazer porque trata a nossa cidade com descaso.&#8221;<\/em><\/strong> &#8211; Finalizou o prefeito.<\/p>\n<p>&nbsp;<\/p>\n","protected":false},"excerpt":{"rendered":"<p>A EMBASA informou em nota divulgada no in\u00edcio da noite desse domingo (21\/07) que o fornecimento de \u00e1gua da sede do munic\u00edpio de Belmonte foi prejudicado por causa da falta de energia causada por um curto-circuito na rede de alta tens\u00e3o da COELBA.\u00a0 A EMBASA informou que, devido a falta de energia na Esta\u00e7\u00e3o de [&hellip;]<\/p>\n","protected":false},"author":7,"featured_media":22887,"comment_status":"open","ping_status":"open","sticky":false,"template":"","format":"standard","meta":{"footnotes":""},"categories":[20,1],"tags":[],"class_list":["post-22886","post","type-post","status-publish","format-standard","has-post-thumbnail","hentry","category-bahia","category-noticias"],"_links":{"self":[{"href":"https:\/\/www.maisbn.com\/portal\/wp-json\/wp\/v2\/posts\/22886","targetHints":{"allow":["GET"]}}],"collection":[{"href":"https:\/\/www.maisbn.com\/portal\/wp-json\/wp\/v2\/posts"}],"about":[{"href":"https:\/\/www.maisbn.com\/portal\/wp-json\/wp\/v2\/types\/post"}],"author":[{"embeddable":true,"href":"https:\/\/www.maisbn.com\/portal\/wp-json\/wp\/v2\/users\/7"}],"replies":[{"embeddable":true,"href":"https:\/\/www.maisbn.com\/portal\/wp-json\/wp\/v2\/comments?post=22886"}],"version-history":[{"count":2,"href":"https:\/\/www.maisbn.com\/portal\/wp-json\/wp\/v2\/posts\/22886\/revisions"}],"predecessor-version":[{"id":22889,"href":"https:\/\/www.maisbn.com\/portal\/wp-json\/wp\/v2\/posts\/22886\/revisions\/22889"}],"wp:featuredmedia":[{"embeddable":true,"href":"https:\/\/www.maisbn.com\/portal\/wp-json\/wp\/v2\/media\/22887"}],"wp:attachment":[{"href":"https:\/\/www.maisbn.com\/portal\/wp-json\/wp\/v2\/media?parent=22886"}],"wp:term":[{"taxonomy":"category","embeddable":true,"href":"https:\/\/www.maisbn.com\/portal\/wp-json\/wp\/v2\/categories?post=22886"},{"taxonomy":"post_tag","embeddable":true,"href":"https:\/\/www.maisbn.com\/portal\/wp-json\/wp\/v2\/tags?post=22886"}],"curies":[{"name":"wp","href":"https:\/\/api.w.org\/{rel}","templated":true}]}}