{"id":22880,"date":"2019-07-21T22:37:56","date_gmt":"2019-07-22T01:37:56","guid":{"rendered":"http:\/\/www.maisbn.com\/portal\/?p=22880"},"modified":"2019-07-21T22:41:42","modified_gmt":"2019-07-22T01:41:42","slug":"falha-da-coelba-deixa-belmonte-sem-energia-e-prejudica-abertura-do-festivale","status":"publish","type":"post","link":"https:\/\/www.maisbn.com\/portal\/2019\/07\/falha-da-coelba-deixa-belmonte-sem-energia-e-prejudica-abertura-do-festivale\/","title":{"rendered":"Falha da COELBA deixa Belmonte sem energia e prejudica abertura do FESTIVALE."},"content":{"rendered":"<p>Uma falha na rede de energia el\u00e9trica da COELBA deixou Belmonte sem energia el\u00e9trica durante 06 horas nesse domingo (21\/07) e prejudicou a abertura do FESTIVALE. O <em>blackout\u00a0<\/em>foi iniciado por volta das 15:00Hrs, ap\u00f3s um cabo de alta tens\u00e3o ter se partido na Rua Quintino Bocai\u00fava, Centro da cidade. O curto circuito derrubou toda a rede da sede do munic\u00edpio, que ficou completamente \u00e0s escuras. A situa\u00e7\u00e3o causou preocupa\u00e7\u00e3o \u00e0 organiza\u00e7\u00e3o do Festival Cultural do Vale do Jequitinhonha (FESTIVALE) porque um grande n\u00famero de pessoas chegou \u00e0 cidade para o evento teve dificuldades para efetuar o credenciamento, andar nas ruas e ter acesso \u00e0 rede banc\u00e1ria, redes de celular, internet e diversos outros servi\u00e7os.<\/p>\n<p><a href=\"http:\/\/www.maisbn.com\/portal\/wp-content\/uploads\/2019\/07\/coelbasemluz.jpg\"><img loading=\"lazy\" decoding=\"async\" class=\"aligncenter wp-image-22881\" src=\"http:\/\/www.maisbn.com\/portal\/wp-content\/uploads\/2019\/07\/coelbasemluz-1000x563.jpg\" alt=\"coelbasemluz\" width=\"601\" height=\"338\" srcset=\"https:\/\/www.maisbn.com\/portal\/wp-content\/uploads\/2019\/07\/coelbasemluz-1000x563.jpg 1000w, https:\/\/www.maisbn.com\/portal\/wp-content\/uploads\/2019\/07\/coelbasemluz.jpg 1032w\" sizes=\"auto, (max-width: 601px) 100vw, 601px\" \/><\/a><\/p>\n<p>O Prefeito Janival Borges publicou uma nota de rep\u00fadio condenando a irresponsabilidade da COELBA que h\u00e1 muito tempo vem prestando um p\u00e9ssimo servi\u00e7o aos belmontenses. <strong><em>&#8220;Chegaram \u00e0 nossa cidade nesse domingo mais de 1.000 pessoas que ficaram perdidas sem acesso a celulares, redes banc\u00e1rias, internet e totalmente \u00e0s escuras causando uma grande sensa\u00e7\u00e3o de inseguran\u00e7a \u00e0 nossa comunidade e aos nossos visitantes. \u00c9 lament\u00e1vel que tivemos que ser for\u00e7ados a receber os nossos visitantes com esses cart\u00e3o de boas vindas por causa de uma empresa irrespons\u00e1vel e sem compromisso com Belmonte.&#8221; <\/em><\/strong>&#8211; Finalizou o gestor.<\/p>\n<p><a href=\"http:\/\/www.maisbn.com\/portal\/wp-content\/uploads\/2019\/07\/coelbaenergia.jpeg\"><img loading=\"lazy\" decoding=\"async\" class=\"aligncenter wp-image-22882\" src=\"http:\/\/www.maisbn.com\/portal\/wp-content\/uploads\/2019\/07\/coelbaenergia-1000x563.jpeg\" alt=\"coelbaenergia\" width=\"601\" height=\"338\" srcset=\"https:\/\/www.maisbn.com\/portal\/wp-content\/uploads\/2019\/07\/coelbaenergia-1000x563.jpeg 1000w, https:\/\/www.maisbn.com\/portal\/wp-content\/uploads\/2019\/07\/coelbaenergia.jpeg 1032w\" sizes=\"auto, (max-width: 601px) 100vw, 601px\" \/><\/a><\/p>\n<p>O Vereador Alfredo Aberceb tamb\u00e9m se pronunciou sobre a situa\u00e7\u00e3o e informou que o <em>blackout\u00a0<\/em>dificultou o trabalho das for\u00e7as de seguran\u00e7a e representou um grande perigo para toda a popula\u00e7\u00e3o e turistas. <em><strong>&#8220;O clima de inseguran\u00e7a foi geral porque as ruas, por causa do tempo nublado, estavam completamente escuras facilitando poss\u00edveis a\u00e7\u00f5es de bandidos atra\u00eddos pelo grande n\u00famero de pessoas transitando pela cidade. Gra\u00e7as a Deus que a incompet\u00eancia e a irresponsabilidade da COELBA n\u00e3o causou nenhuma ocorr\u00eancia violenta grave.&#8221;<\/strong> <\/em>&#8211; Informou o Vereador.<\/p>\n<p>A energia s\u00f3 foi restabelecida por volta das 21:30Hrs depois que equipes da COELBA chegaram \u00e0 sede do munic\u00edpio para resolver o problema. Segundo informa\u00e7\u00f5es obtidas por nossa reportagem, os funcion\u00e1rios da empresa estavam fora da cidade e n\u00e3o tinha nenhuma equipe de plant\u00e3o em Belmonte para resolver o problema de falta de energia el\u00e9trica. As redes de celular e internet foram restabelecidas alguns minutos depois, mas os bancos permanecem inoperantes e sem previs\u00e3o para retorno dos servi\u00e7os.<\/p>\n","protected":false},"excerpt":{"rendered":"<p>Uma falha na rede de energia el\u00e9trica da COELBA deixou Belmonte sem energia el\u00e9trica durante 06 horas nesse domingo (21\/07) e prejudicou a abertura do FESTIVALE. O blackout\u00a0foi iniciado por volta das 15:00Hrs, ap\u00f3s um cabo de alta tens\u00e3o ter se partido na Rua Quintino Bocai\u00fava, Centro da cidade. O curto circuito derrubou toda a [&hellip;]<\/p>\n","protected":false},"author":7,"featured_media":22881,"comment_status":"open","ping_status":"open","sticky":false,"template":"","format":"standard","meta":{"footnotes":""},"categories":[45,1],"tags":[],"class_list":["post-22880","post","type-post","status-publish","format-standard","has-post-thumbnail","hentry","category-cidades","category-noticias"],"_links":{"self":[{"href":"https:\/\/www.maisbn.com\/portal\/wp-json\/wp\/v2\/posts\/22880","targetHints":{"allow":["GET"]}}],"collection":[{"href":"https:\/\/www.maisbn.com\/portal\/wp-json\/wp\/v2\/posts"}],"about":[{"href":"https:\/\/www.maisbn.com\/portal\/wp-json\/wp\/v2\/types\/post"}],"author":[{"embeddable":true,"href":"https:\/\/www.maisbn.com\/portal\/wp-json\/wp\/v2\/users\/7"}],"replies":[{"embeddable":true,"href":"https:\/\/www.maisbn.com\/portal\/wp-json\/wp\/v2\/comments?post=22880"}],"version-history":[{"count":3,"href":"https:\/\/www.maisbn.com\/portal\/wp-json\/wp\/v2\/posts\/22880\/revisions"}],"predecessor-version":[{"id":22885,"href":"https:\/\/www.maisbn.com\/portal\/wp-json\/wp\/v2\/posts\/22880\/revisions\/22885"}],"wp:featuredmedia":[{"embeddable":true,"href":"https:\/\/www.maisbn.com\/portal\/wp-json\/wp\/v2\/media\/22881"}],"wp:attachment":[{"href":"https:\/\/www.maisbn.com\/portal\/wp-json\/wp\/v2\/media?parent=22880"}],"wp:term":[{"taxonomy":"category","embeddable":true,"href":"https:\/\/www.maisbn.com\/portal\/wp-json\/wp\/v2\/categories?post=22880"},{"taxonomy":"post_tag","embeddable":true,"href":"https:\/\/www.maisbn.com\/portal\/wp-json\/wp\/v2\/tags?post=22880"}],"curies":[{"name":"wp","href":"https:\/\/api.w.org\/{rel}","templated":true}]}}